{"id":13399,"date":"2025-12-19T13:24:31","date_gmt":"2025-12-19T12:24:31","guid":{"rendered":"https:\/\/agora.xtec.cat\/ceip-falba\/?p=13399"},"modified":"2025-12-19T13:24:31","modified_gmt":"2025-12-19T12:24:31","slug":"tradicions-i-nadal-a-lescola-%f0%9f%8e%84","status":"publish","type":"post","link":"https:\/\/agora.xtec.cat\/ceip-falba\/portada\/tradicions-i-nadal-a-lescola-%f0%9f%8e%84\/","title":{"rendered":"TRADICIONS I NADAL A L&#8217;ESCOLA \ud83c\udf84"},"content":{"rendered":"<p data-start=\"42\" data-end=\"493\">Els dies previs a Nadal a l\u2019escola estan plens d\u2019<strong>alegria i tradici\u00f3<\/strong>. \ud83c\udf84<\/p>\n<p data-start=\"42\" data-end=\"493\">Els m\u00e9s petits viuen amb emoci\u00f3 la recerca del <strong>ti\u00f3<\/strong>, el cuiden i el fan cagar, mentre que els m\u00e9s grans comparteixen rialles jugant al <strong>Quinto<\/strong> tradicional. L&#8217;alumnat prepara la seva carta i espera amb molta il\u00b7lusi\u00f3 la visita del <strong>Patge Reial. <\/strong><\/p>\n<p data-start=\"42\" data-end=\"493\">No hi falta tampoc la<strong> xocolata desfeta amb melindros<\/strong>, ni l\u2019esperat intercanvi de regals de l\u2019<strong>amic invisible<\/strong> entre padrins\/es i fillols\/es.<\/p>\n<p data-start=\"495\" data-end=\"594\" data-is-last-node=\"\" data-is-only-node=\"\">En els enlla\u00e7os adjunts podeu descobrir i reviure aquests moments tan especials viscuts a l\u2019escola.<\/p>\n<p>\u00a0 \u00a0 \u00a0 \u00a0 \u00a0 \u00a0 \u00a0 \u00a0 \u00a0<strong> \u00a0 \u00a0 \u00a0<a href=\"https:\/\/drive.google.com\/drive\/folders\/1dfakuNkFMeXySbhy7Q9740tDT7WwPKA1?usp=sharing\">*Comunitat Petita\u00a0 \u00a0<\/a> \u00a0 \u00a0 \u00a0 \u00a0 \u00a0<a href=\"https:\/\/drive.google.com\/drive\/folders\/1s16LepQTQVWOBEcJB9GM5vJttD4MtTMu?usp=sharing\"> \u00a0 \u00a0 \u00a0 \u00a0 \u00a0*Comunitat Mitjana\u00a0<\/a><\/strong> \u00a0 \u00a0 \u00a0 \u00a0 \u00a0 \u00a0 \u00a0 \u00a0 \u00a0 \u00a0 \u00a0 <a href=\"https:\/\/drive.google.com\/drive\/folders\/1lhrWD0ttQHUwLz24-i04xu8Df3aeParf?usp=sharing\"><strong>*<span style=\"font-family: inherit; font-size: 1em;\">Comunitat Gran<\/span><\/strong><\/a><\/p>\n","protected":false},"excerpt":{"rendered":"<p>Els dies previs a Nadal a l\u2019escola estan plens d\u2019alegria i tradici\u00f3. \ud83c\udf84<br \/>\nEls m\u00e9s petits viuen amb emoci\u00f3 la recerca del ti\u00f3, el cuiden i el fan cagar, mentre que els m\u00e9s grans comparteixen rialles jugant al Quinto tradicional. L&#8217;alumnat prepara la seva carta i&hellip;  <a href=\"https:\/\/agora.xtec.cat\/ceip-falba\/portada\/tradicions-i-nadal-a-lescola-%f0%9f%8e%84\/\" title=\"Read TRADICIONS I NADAL A L&#8217;ESCOLA \ud83c\udf84\">Llegeix m\u00e9s\u00bb<\/a><\/p>\n","protected":false},"author":1,"featured_media":13402,"comment_status":"closed","ping_status":"open","sticky":false,"template":"","format":"standard","meta":{"_bbp_topic_count":0,"_bbp_reply_count":0,"_bbp_total_topic_count":0,"_bbp_total_reply_count":0,"_bbp_voice_count":0,"_bbp_anonymous_reply_count":0,"_bbp_topic_count_hidden":0,"_bbp_reply_count_hidden":0,"_bbp_forum_subforum_count":0,"footnotes":""},"categories":[445,442,340,572,35,157,4],"tags":[],"class_list":["post-13399","post","type-post","status-publish","format-standard","has-post-thumbnail","hentry","category-comunitat-gran","category-comunitat-mitjana","category-comunitat-de-petits","category-curs-2025-26","category-festes","category-nadal","category-portada"],"post_mailing_queue_ids":[],"_links":{"self":[{"href":"https:\/\/agora.xtec.cat\/ceip-falba\/wp-json\/wp\/v2\/posts\/13399","targetHints":{"allow":["GET"]}}],"collection":[{"href":"https:\/\/agora.xtec.cat\/ceip-falba\/wp-json\/wp\/v2\/posts"}],"about":[{"href":"https:\/\/agora.xtec.cat\/ceip-falba\/wp-json\/wp\/v2\/types\/post"}],"author":[{"embeddable":true,"href":"https:\/\/agora.xtec.cat\/ceip-falba\/wp-json\/wp\/v2\/users\/1"}],"replies":[{"embeddable":true,"href":"https:\/\/agora.xtec.cat\/ceip-falba\/wp-json\/wp\/v2\/comments?post=13399"}],"version-history":[{"count":3,"href":"https:\/\/agora.xtec.cat\/ceip-falba\/wp-json\/wp\/v2\/posts\/13399\/revisions"}],"predecessor-version":[{"id":13403,"href":"https:\/\/agora.xtec.cat\/ceip-falba\/wp-json\/wp\/v2\/posts\/13399\/revisions\/13403"}],"wp:featuredmedia":[{"embeddable":true,"href":"https:\/\/agora.xtec.cat\/ceip-falba\/wp-json\/wp\/v2\/media\/13402"}],"wp:attachment":[{"href":"https:\/\/agora.xtec.cat\/ceip-falba\/wp-json\/wp\/v2\/media?parent=13399"}],"wp:term":[{"taxonomy":"category","embeddable":true,"href":"https:\/\/agora.xtec.cat\/ceip-falba\/wp-json\/wp\/v2\/categories?post=13399"},{"taxonomy":"post_tag","embeddable":true,"href":"https:\/\/agora.xtec.cat\/ceip-falba\/wp-json\/wp\/v2\/tags?post=13399"}],"curies":[{"name":"wp","href":"https:\/\/api.w.org\/{rel}","templated":true}]}}