{"id":13396,"date":"2025-12-18T13:02:01","date_gmt":"2025-12-18T12:02:01","guid":{"rendered":"https:\/\/agora.xtec.cat\/ceip-falba\/?p=13396"},"modified":"2025-12-18T13:02:01","modified_gmt":"2025-12-18T12:02:01","slug":"font-de-lalba-us-desitgem-molt-bones-festes","status":"publish","type":"post","link":"https:\/\/agora.xtec.cat\/ceip-falba\/general\/font-de-lalba-us-desitgem-molt-bones-festes\/","title":{"rendered":"Font de l&#8217;Alba us desitgem molt Bones Festes!"},"content":{"rendered":"<p>En aquest v\u00eddeo, gaudireu de la nostra felicitaci\u00f3 de Nadal, acompanyada de la can\u00e7\u00f3 &#8220;All I Want for Christmas Is You&#8221; de Mariah Carey. Amb l&#8217;arribada de les festes nadalenques, volem desitjar-vos moments plens de m\u00e0gia i somriures. Que el 2026 arribi amb molta m\u00e9s alegria, aprenentatge i moments compartits!<\/p>\n<p>Bones Festes de part de la comunitat educativa de l&#8217;Escola Font de l&#8217;Alba!<\/p>\n<p><iframe loading=\"lazy\" src=\"\/\/www.youtube.com\/embed\/8iKpJi19ugE\" width=\"560\" height=\"314\" allowfullscreen=\"allowfullscreen\"><\/iframe><\/p>\n","protected":false},"excerpt":{"rendered":"<p>En aquest v\u00eddeo, gaudireu de la nostra felicitaci\u00f3 de Nadal, acompanyada de la can\u00e7\u00f3 &#8220;All I Want for Christmas Is You&#8221; de Mariah Carey. Que el 2026 arribi amb molta m\u00e9s alegria, aprenentatge i moments compartits!&hellip;  <a href=\"https:\/\/agora.xtec.cat\/ceip-falba\/general\/font-de-lalba-us-desitgem-molt-bones-festes\/\" title=\"Read Font de l&#8217;Alba us desitgem molt Bones Festes!\">Llegeix m\u00e9s\u00bb<\/a><\/p>\n","protected":false},"author":92,"featured_media":13397,"comment_status":"closed","ping_status":"open","sticky":false,"template":"","format":"standard","meta":{"_bbp_topic_count":0,"_bbp_reply_count":0,"_bbp_total_topic_count":0,"_bbp_total_reply_count":0,"_bbp_voice_count":0,"_bbp_anonymous_reply_count":0,"_bbp_topic_count_hidden":0,"_bbp_reply_count_hidden":0,"_bbp_forum_subforum_count":0,"footnotes":""},"categories":[445,442,340,572,35,1,34,507,157,4,5],"tags":[],"class_list":["post-13396","post","type-post","status-publish","format-standard","has-post-thumbnail","hentry","category-comunitat-gran","category-comunitat-mitjana","category-comunitat-de-petits","category-curs-2025-26","category-festes","category-general","category-musica","category-musica-2","category-nadal","category-portada","category-primaria"],"post_mailing_queue_ids":[],"_links":{"self":[{"href":"https:\/\/agora.xtec.cat\/ceip-falba\/wp-json\/wp\/v2\/posts\/13396","targetHints":{"allow":["GET"]}}],"collection":[{"href":"https:\/\/agora.xtec.cat\/ceip-falba\/wp-json\/wp\/v2\/posts"}],"about":[{"href":"https:\/\/agora.xtec.cat\/ceip-falba\/wp-json\/wp\/v2\/types\/post"}],"author":[{"embeddable":true,"href":"https:\/\/agora.xtec.cat\/ceip-falba\/wp-json\/wp\/v2\/users\/92"}],"replies":[{"embeddable":true,"href":"https:\/\/agora.xtec.cat\/ceip-falba\/wp-json\/wp\/v2\/comments?post=13396"}],"version-history":[{"count":1,"href":"https:\/\/agora.xtec.cat\/ceip-falba\/wp-json\/wp\/v2\/posts\/13396\/revisions"}],"predecessor-version":[{"id":13398,"href":"https:\/\/agora.xtec.cat\/ceip-falba\/wp-json\/wp\/v2\/posts\/13396\/revisions\/13398"}],"wp:featuredmedia":[{"embeddable":true,"href":"https:\/\/agora.xtec.cat\/ceip-falba\/wp-json\/wp\/v2\/media\/13397"}],"wp:attachment":[{"href":"https:\/\/agora.xtec.cat\/ceip-falba\/wp-json\/wp\/v2\/media?parent=13396"}],"wp:term":[{"taxonomy":"category","embeddable":true,"href":"https:\/\/agora.xtec.cat\/ceip-falba\/wp-json\/wp\/v2\/categories?post=13396"},{"taxonomy":"post_tag","embeddable":true,"href":"https:\/\/agora.xtec.cat\/ceip-falba\/wp-json\/wp\/v2\/tags?post=13396"}],"curies":[{"name":"wp","href":"https:\/\/api.w.org\/{rel}","templated":true}]}}