{"id":13381,"date":"2025-12-04T18:00:43","date_gmt":"2025-12-04T17:00:43","guid":{"rendered":"https:\/\/agora.xtec.cat\/ceip-falba\/?p=13381"},"modified":"2026-01-16T19:11:32","modified_gmt":"2026-01-16T18:11:32","slug":"exploradors-i-exploradores-de-l-art","status":"publish","type":"post","link":"https:\/\/agora.xtec.cat\/ceip-falba\/general\/exploradors-i-exploradores-de-l-art\/","title":{"rendered":"EXPLORADORS i EXPLORADORES DE L \u2019ART"},"content":{"rendered":"<h2 data-start=\"79\" data-end=\"142\"><strong data-start=\"82\" data-end=\"142\">Fons d\u2019Art de LaFACT: una finestra a la pintura catalana<\/strong><\/h2>\n<p data-start=\"144\" data-end=\"426\">L\u2019alumnat de 5\u00e8 i 6\u00e8 ha visitat l\u2019exposici\u00f3 <em data-start=\"188\" data-end=\"241\">Una passejada per l\u2019evoluci\u00f3 de la pintura catalana<\/em> a la Factoria Cultural de Terrassa (LaFACT). La mostra reuneix cinquanta obres del seu Fons d\u2019Art i ofereix un recorregut fascinant per la hist\u00f2ria i l\u2019evoluci\u00f3 de la pintura catalana.<\/p>\n<p data-start=\"428\" data-end=\"776\">Durant la visita, els nois i noies han pogut contemplar i estudiar obres de pintors i pintores de gran rellev\u00e0ncia per a la ciutat, com <strong data-start=\"564\" data-end=\"613\">Joaquim Vancells, Rafael Benet, Jacint Morera<\/strong> o <strong data-start=\"616\" data-end=\"637\">Montserrat Guidol<\/strong>. A trav\u00e9s d\u2019aquestes peces, han descobert diferents <strong data-start=\"690\" data-end=\"734\">corrents art\u00edstics de l\u2019art contemporani<\/strong>, analitzant-ne temes, estils i t\u00e8cniques.<\/p>\n<p data-start=\"778\" data-end=\"1205\">A m\u00e9s de la visita, l\u2019alumnat ha participat en un <strong data-start=\"828\" data-end=\"846\">taller creatiu<\/strong> on han posat en pr\u00e0ctica tot el que han apr\u00e8s. En aquesta activitat, han realitzat representacions pr\u00f2pies dels corrents art\u00edstics explicats, inspirant-se en un element molt emblem\u00e0tic del nostre entorn: <strong data-start=\"1045\" data-end=\"1071\">la muntanya de la Mola<\/strong>. Cada alumne ha reinterpretat aquest paisatge segons l\u2019estil treballat, donant lloc a produccions plenes d\u2019imaginaci\u00f3 i personalitat.<\/p>\n<p data-start=\"1498\" data-end=\"1627\" data-is-last-node=\"\" data-is-only-node=\"\">Una activitat completa i enriquidora que ha despertat la curiositat, la creativitat i la sensibilitat art\u00edstica de tot l\u2019alumnat.<\/p>\n<p data-start=\"1498\" data-end=\"1627\" data-is-last-node=\"\" data-is-only-node=\"\"><a href=\"https:\/\/drive.google.com\/file\/d\/1hGRnkQ3YhAHcIrE01o9wO0YLR_-nKza6\/view?usp=drive_link\">Una passejada per l\u2019evoluci\u00f3 de la pintura catalana<\/a><\/p>\n","protected":false},"excerpt":{"rendered":"<p>Fons d\u2019Art de LaFACT: una finestra a la pintura catalana<br \/>\nL\u2019alumnat de 5\u00e8 i 6\u00e8 ha visitat l\u2019exposici\u00f3 Una passejada per l\u2019evoluci\u00f3 de la pintura catalana a la Factoria Cultural de Terrassa (LaFACT). La mostra reuneix cinquanta obres del seu Fons d\u2019Art i ofereix un recorregut&hellip;  <a href=\"https:\/\/agora.xtec.cat\/ceip-falba\/general\/exploradors-i-exploradores-de-l-art\/\" title=\"Read EXPLORADORS i EXPLORADORES DE L \u2019ART\">Llegeix m\u00e9s\u00bb<\/a><\/p>\n","protected":false},"author":94,"featured_media":13383,"comment_status":"closed","ping_status":"open","sticky":false,"template":"","format":"standard","meta":{"_bbp_topic_count":0,"_bbp_reply_count":0,"_bbp_total_topic_count":0,"_bbp_total_reply_count":0,"_bbp_voice_count":0,"_bbp_anonymous_reply_count":0,"_bbp_topic_count_hidden":0,"_bbp_reply_count_hidden":0,"_bbp_forum_subforum_count":0,"footnotes":""},"categories":[14,15,527,445,572,1,4,5],"tags":[],"class_list":["post-13381","post","type-post","status-publish","format-standard","has-post-thumbnail","hentry","category-5e","category-6e","category-art","category-comunitat-gran","category-curs-2025-26","category-general","category-portada","category-primaria"],"post_mailing_queue_ids":[],"_links":{"self":[{"href":"https:\/\/agora.xtec.cat\/ceip-falba\/wp-json\/wp\/v2\/posts\/13381","targetHints":{"allow":["GET"]}}],"collection":[{"href":"https:\/\/agora.xtec.cat\/ceip-falba\/wp-json\/wp\/v2\/posts"}],"about":[{"href":"https:\/\/agora.xtec.cat\/ceip-falba\/wp-json\/wp\/v2\/types\/post"}],"author":[{"embeddable":true,"href":"https:\/\/agora.xtec.cat\/ceip-falba\/wp-json\/wp\/v2\/users\/94"}],"replies":[{"embeddable":true,"href":"https:\/\/agora.xtec.cat\/ceip-falba\/wp-json\/wp\/v2\/comments?post=13381"}],"version-history":[{"count":3,"href":"https:\/\/agora.xtec.cat\/ceip-falba\/wp-json\/wp\/v2\/posts\/13381\/revisions"}],"predecessor-version":[{"id":13419,"href":"https:\/\/agora.xtec.cat\/ceip-falba\/wp-json\/wp\/v2\/posts\/13381\/revisions\/13419"}],"wp:featuredmedia":[{"embeddable":true,"href":"https:\/\/agora.xtec.cat\/ceip-falba\/wp-json\/wp\/v2\/media\/13383"}],"wp:attachment":[{"href":"https:\/\/agora.xtec.cat\/ceip-falba\/wp-json\/wp\/v2\/media?parent=13381"}],"wp:term":[{"taxonomy":"category","embeddable":true,"href":"https:\/\/agora.xtec.cat\/ceip-falba\/wp-json\/wp\/v2\/categories?post=13381"},{"taxonomy":"post_tag","embeddable":true,"href":"https:\/\/agora.xtec.cat\/ceip-falba\/wp-json\/wp\/v2\/tags?post=13381"}],"curies":[{"name":"wp","href":"https:\/\/api.w.org\/{rel}","templated":true}]}}