{"id":13329,"date":"2025-11-21T12:11:16","date_gmt":"2025-11-21T11:11:16","guid":{"rendered":"https:\/\/agora.xtec.cat\/ceip-falba\/?p=13329"},"modified":"2025-11-21T12:17:10","modified_gmt":"2025-11-21T11:17:10","slug":"celebrem-santa-cecilia","status":"publish","type":"post","link":"https:\/\/agora.xtec.cat\/ceip-falba\/portada\/celebrem-santa-cecilia\/","title":{"rendered":"Celebrem Santa Cecilia!"},"content":{"rendered":"<div dir=\"ltr\">\n<div dir=\"ltr\">\n<p>Benvolgudes fam\u00edlies,<\/p>\n<p>Avui hem celebrat el Dia de la M\u00fasica en honor a <strong>Santa Cec\u00edlia<\/strong>, patrona de la m\u00fasica i els m\u00fasics.<\/p>\n<p>A les 9 del mat\u00ed, en el moment de l\u2019entrada a l\u2019escola, diversos alumnes que estudien un instrument han interpretat diferents temes musicals.<\/p>\n<p>Les obres musicals i can\u00e7ons que hem pogut escoltar s\u00f3n:<\/p>\n<ul>\n<li><strong><img loading=\"lazy\" decoding=\"async\" class=\"an1\" draggable=\"false\" src=\"https:\/\/fonts.gstatic.com\/s\/e\/notoemoji\/16.0\/1f3b6\/72.png\" alt=\"\ud83c\udfb6\" width=\"20\" height=\"20\" data-emoji=\"\ud83c\udfb6\" aria-label=\"\ud83c\udfb6\" \/>\u00a0Quan les oques van al camp<\/strong><br \/>\nInterpretada amb el fagot per un alumne de 5\u00e8 de l&#8217;escola.<br \/>\nAdaptaci\u00f3 del poema en angl\u00e8s de Jane Taylor.<\/li>\n<li><strong><img loading=\"lazy\" decoding=\"async\" class=\"an1\" draggable=\"false\" src=\"https:\/\/fonts.gstatic.com\/s\/e\/notoemoji\/16.0\/1f3b5\/72.png\" alt=\"\ud83c\udfb5\" width=\"12\" height=\"12\" data-emoji=\"\ud83c\udfb5\" aria-label=\"\ud83c\udfb5\" \/>\u00a0Himne de Santa Cec\u00edlia<\/strong><br \/>\nInterpretada amb la flauta travessera l&#8217;obo\u00e8 per dues alumnes de 5\u00e8.<br \/>\nBenjamin Britten.<\/li>\n<li><strong><img loading=\"lazy\" decoding=\"async\" class=\"an1\" draggable=\"false\" src=\"https:\/\/fonts.gstatic.com\/s\/e\/notoemoji\/16.0\/1f3b5\/72.png\" alt=\"\ud83c\udfb5\" width=\"13\" height=\"13\" data-emoji=\"\ud83c\udfb5\" aria-label=\"\ud83c\udfb5\" \/>\u00a0Himne de l\u2019Alegria<\/strong><br \/>\nInterpretada amb l&#8217;obo\u00e8), la flauta travessera, el clarinet, el piano i la bateria per diferents alumnes de 5\u00e8 i la mestra de m\u00fasica amb el piano.<br \/>\nLudwig van Beethoven.<\/li>\n<li><img loading=\"lazy\" decoding=\"async\" class=\"an1\" draggable=\"false\" src=\"https:\/\/fonts.gstatic.com\/s\/e\/notoemoji\/16.0\/1f941\/72.png\" alt=\"\ud83e\udd41\" width=\"15\" height=\"15\" data-emoji=\"\ud83e\udd41\" aria-label=\"\ud83e\udd41\" \/>\u00a0<strong>Golden<\/strong><br \/>\nInterpretada amb la bateria per un alumne de 6\u00e8 i la mestra de m\u00fasica amb el piano.<br \/>\nHuntr\/x \u2013 K-Pop Demon Hunters.<\/li>\n<\/ul>\n<\/div>\n<\/div>\n<div><\/div>\n<div style=\"text-align: center;\"><img loading=\"lazy\" decoding=\"async\" class=\"\" src=\"https:\/\/images.emojiterra.com\/google\/android-pie\/512px\/1f3a5.png\" alt=\"\ud83c\udfa5 C\u00e1mara De Cine Emoji\" width=\"18\" height=\"18\" \/> Veieu el v\u00eddeo!<\/div>\n<div><\/div>\n<div><\/div>\n<div><\/div>\n<div><\/div>\n<div style=\"text-align: center;\"><iframe loading=\"lazy\" src=\"\/\/www.youtube.com\/embed\/mMQSGaMciz0\" width=\"560\" height=\"314\" allowfullscreen=\"allowfullscreen\"><\/iframe><\/div>\n<div><\/div>\n<div><\/div>\n<div><\/div>\n<div dir=\"ltr\">\n<div dir=\"ltr\">\n<div>\n<p>&nbsp;<\/p>\n<p>Volem felicitar als alumnes pel seu esfor\u00e7, dedicaci\u00f3 i entusiasme i tamb\u00e9 agrair a les fam\u00edlies que han fet possible que els seus fills i filles segueixin estudis musicals en escoles de m\u00fasica, aix\u00ed com tamb\u00e9 felicitar a aquells alumnes que, tot i no cursar estudis formals, han descobert la seva passi\u00f3 per la m\u00fasica i la cultiven tant dins com fora de l\u2019aula de forma autodidacta.<\/p>\n<p>Per a la resta de fam\u00edlies i alumnes, aquesta ha estat una bona oportunitat per mirar, escoltar i valorar el treball dels companys, potser ser inspirats i recon\u00e8ixer el valor de la m\u00fasica i d&#8217;aprendre a tocar un instrument.<\/p>\n<p><strong>Gaudiu de la m\u00fasica!<\/strong> perqu\u00e8 a la nostra escola la vivim com una expressi\u00f3 compartida i de benestar i t\u00e9 molt de valor dins del nostre projecte educatiu.<\/p>\n<\/div>\n<\/div>\n<\/div>\n","protected":false},"excerpt":{"rendered":"<p>El proper divendres 21 de novembre, celebrarem a l\u2019escola el Dia de la M\u00fasica en honor a\u00a0Santa Cec\u00edlia, patrona de la m\u00fasica i els m\u00fasics. A les 9 del mat\u00ed, en el moment de l\u2019entrada a l\u2019escola, diversos alumnes que estudien un instrument ens oferiran petites interpretacions musicals.&hellip;  <a href=\"https:\/\/agora.xtec.cat\/ceip-falba\/portada\/celebrem-santa-cecilia\/\" title=\"Read Celebrem Santa Cecilia!\">Llegeix m\u00e9s\u00bb<\/a><\/p>\n","protected":false},"author":92,"featured_media":13364,"comment_status":"closed","ping_status":"open","sticky":false,"template":"","format":"standard","meta":{"_bbp_topic_count":0,"_bbp_reply_count":0,"_bbp_total_topic_count":0,"_bbp_total_reply_count":0,"_bbp_voice_count":0,"_bbp_anonymous_reply_count":0,"_bbp_topic_count_hidden":0,"_bbp_reply_count_hidden":0,"_bbp_forum_subforum_count":0,"footnotes":""},"categories":[14,15,445,572,507,4],"tags":[],"class_list":["post-13329","post","type-post","status-publish","format-standard","has-post-thumbnail","hentry","category-5e","category-6e","category-comunitat-gran","category-curs-2025-26","category-musica-2","category-portada"],"post_mailing_queue_ids":[],"_links":{"self":[{"href":"https:\/\/agora.xtec.cat\/ceip-falba\/wp-json\/wp\/v2\/posts\/13329","targetHints":{"allow":["GET"]}}],"collection":[{"href":"https:\/\/agora.xtec.cat\/ceip-falba\/wp-json\/wp\/v2\/posts"}],"about":[{"href":"https:\/\/agora.xtec.cat\/ceip-falba\/wp-json\/wp\/v2\/types\/post"}],"author":[{"embeddable":true,"href":"https:\/\/agora.xtec.cat\/ceip-falba\/wp-json\/wp\/v2\/users\/92"}],"replies":[{"embeddable":true,"href":"https:\/\/agora.xtec.cat\/ceip-falba\/wp-json\/wp\/v2\/comments?post=13329"}],"version-history":[{"count":3,"href":"https:\/\/agora.xtec.cat\/ceip-falba\/wp-json\/wp\/v2\/posts\/13329\/revisions"}],"predecessor-version":[{"id":13363,"href":"https:\/\/agora.xtec.cat\/ceip-falba\/wp-json\/wp\/v2\/posts\/13329\/revisions\/13363"}],"wp:featuredmedia":[{"embeddable":true,"href":"https:\/\/agora.xtec.cat\/ceip-falba\/wp-json\/wp\/v2\/media\/13364"}],"wp:attachment":[{"href":"https:\/\/agora.xtec.cat\/ceip-falba\/wp-json\/wp\/v2\/media?parent=13329"}],"wp:term":[{"taxonomy":"category","embeddable":true,"href":"https:\/\/agora.xtec.cat\/ceip-falba\/wp-json\/wp\/v2\/categories?post=13329"},{"taxonomy":"post_tag","embeddable":true,"href":"https:\/\/agora.xtec.cat\/ceip-falba\/wp-json\/wp\/v2\/tags?post=13329"}],"curies":[{"name":"wp","href":"https:\/\/api.w.org\/{rel}","templated":true}]}}