{"id":13261,"date":"2025-10-14T12:57:24","date_gmt":"2025-10-14T10:57:24","guid":{"rendered":"https:\/\/agora.xtec.cat\/ceip-falba\/?p=13261"},"modified":"2025-10-14T12:57:24","modified_gmt":"2025-10-14T10:57:24","slug":"i5-taller-de-ciencia-i-musica","status":"publish","type":"post","link":"https:\/\/agora.xtec.cat\/ceip-falba\/general\/i5-taller-de-ciencia-i-musica\/","title":{"rendered":"I5. Taller de Ci\u00e8ncia i M\u00fasica."},"content":{"rendered":"<p><strong>D&#8217;ON SURT LA M\u00daSICA? \ud83c\udfb6<\/strong><\/p>\n<p class=\"cvGsUA direction-ltr align-center para-style-body\"><span class=\"a_GcMg font-feature-liga-off font-feature-clig-off font-feature-calt-off text-decoration-none text-strikethrough-none\">EL PASSAT DIJOUS VAM FER UN TALLER RELACIONAT AMB LA CI\u00c8NCIA I AMB LA M\u00daSICA. <\/span><\/p>\n<p class=\"cvGsUA direction-ltr align-center para-style-body\"><span class=\"a_GcMg font-feature-liga-off font-feature-clig-off font-feature-calt-off text-decoration-none text-strikethrough-none\">VAM APRENDRE COM ES CREA LA M\u00daSICA I COM ES PRODUEIXEN ELS SONS. HEM APR\u00c8S COM FUNCIONA LA VIBRACI\u00d3. <\/span><span class=\"a_GcMg font-feature-liga-off font-feature-clig-off font-feature-calt-off text-decoration-none text-strikethrough-none\">PER \u00daLTIM, CADASC\u00da VA FER EL SEU PROPI INSTRUMENT MUSICAL.<\/span><\/p>\n<p><a href=\"https:\/\/drive.google.com\/drive\/folders\/1dTYvTdzJy0tDgiJUZQoWdyfWxgFdhUcV?usp=sharing\">Veure les fotos aqu\u00ed<\/a><\/p>\n<p><a href=\"https:\/\/agora.xtec.cat\/ceip-falba\/wp-content\/uploads\/usu658\/2025\/10\/3623de0f-3e6a-4445-ba4c-07382c22d746.jpg\"><img loading=\"lazy\" decoding=\"async\" class=\"alignnone size-large wp-image-13262\" src=\"https:\/\/agora.xtec.cat\/ceip-falba\/wp-content\/uploads\/usu658\/2025\/10\/3623de0f-3e6a-4445-ba4c-07382c22d746-1024x966.jpg\" alt=\"\" width=\"1024\" height=\"966\" srcset=\"https:\/\/agora.xtec.cat\/ceip-falba\/wp-content\/uploads\/usu658\/2025\/10\/3623de0f-3e6a-4445-ba4c-07382c22d746-1024x966.jpg 1024w, https:\/\/agora.xtec.cat\/ceip-falba\/wp-content\/uploads\/usu658\/2025\/10\/3623de0f-3e6a-4445-ba4c-07382c22d746-300x283.jpg 300w, https:\/\/agora.xtec.cat\/ceip-falba\/wp-content\/uploads\/usu658\/2025\/10\/3623de0f-3e6a-4445-ba4c-07382c22d746-768x724.jpg 768w, https:\/\/agora.xtec.cat\/ceip-falba\/wp-content\/uploads\/usu658\/2025\/10\/3623de0f-3e6a-4445-ba4c-07382c22d746.jpg 1500w\" sizes=\"auto, (max-width: 1024px) 100vw, 1024px\" \/><\/a><\/p>\n<p>&nbsp;<\/p>\n","protected":false},"excerpt":{"rendered":"<p>D&#8217;ON SURT LA M\u00daSICA? \ud83c\udfb6<br \/>\nEL PASSAT DIJOUS VAM FER UN TALLER RELACIONAT AMB LA CI\u00c8NCIA I AMB LA M\u00daSICA.<br \/>\nVAM APRENDRE COM ES CREA LA M\u00daSICA I COM ES PRODUEIXEN ELS SONS. HEM APR\u00c8S COM FUNCIONA LA VIBRACI\u00d3. PER \u00daLTIM, CADASC\u00da VA FER EL SEU&hellip;  <a href=\"https:\/\/agora.xtec.cat\/ceip-falba\/general\/i5-taller-de-ciencia-i-musica\/\" title=\"Read I5. Taller de Ci\u00e8ncia i M\u00fasica.\">Llegeix m\u00e9s\u00bb<\/a><\/p>\n","protected":false},"author":71,"featured_media":13262,"comment_status":"closed","ping_status":"open","sticky":false,"template":"","format":"standard","meta":{"_bbp_topic_count":0,"_bbp_reply_count":0,"_bbp_total_topic_count":0,"_bbp_total_reply_count":0,"_bbp_voice_count":0,"_bbp_anonymous_reply_count":0,"_bbp_topic_count_hidden":0,"_bbp_reply_count_hidden":0,"_bbp_forum_subforum_count":0,"footnotes":""},"categories":[340,572,1,9,2,4],"tags":[],"class_list":["post-13261","post","type-post","status-publish","format-standard","has-post-thumbnail","hentry","category-comunitat-de-petits","category-curs-2025-26","category-general","category-p5","category-infantil","category-portada"],"post_mailing_queue_ids":[],"_links":{"self":[{"href":"https:\/\/agora.xtec.cat\/ceip-falba\/wp-json\/wp\/v2\/posts\/13261","targetHints":{"allow":["GET"]}}],"collection":[{"href":"https:\/\/agora.xtec.cat\/ceip-falba\/wp-json\/wp\/v2\/posts"}],"about":[{"href":"https:\/\/agora.xtec.cat\/ceip-falba\/wp-json\/wp\/v2\/types\/post"}],"author":[{"embeddable":true,"href":"https:\/\/agora.xtec.cat\/ceip-falba\/wp-json\/wp\/v2\/users\/71"}],"replies":[{"embeddable":true,"href":"https:\/\/agora.xtec.cat\/ceip-falba\/wp-json\/wp\/v2\/comments?post=13261"}],"version-history":[{"count":1,"href":"https:\/\/agora.xtec.cat\/ceip-falba\/wp-json\/wp\/v2\/posts\/13261\/revisions"}],"predecessor-version":[{"id":13263,"href":"https:\/\/agora.xtec.cat\/ceip-falba\/wp-json\/wp\/v2\/posts\/13261\/revisions\/13263"}],"wp:featuredmedia":[{"embeddable":true,"href":"https:\/\/agora.xtec.cat\/ceip-falba\/wp-json\/wp\/v2\/media\/13262"}],"wp:attachment":[{"href":"https:\/\/agora.xtec.cat\/ceip-falba\/wp-json\/wp\/v2\/media?parent=13261"}],"wp:term":[{"taxonomy":"category","embeddable":true,"href":"https:\/\/agora.xtec.cat\/ceip-falba\/wp-json\/wp\/v2\/categories?post=13261"},{"taxonomy":"post_tag","embeddable":true,"href":"https:\/\/agora.xtec.cat\/ceip-falba\/wp-json\/wp\/v2\/tags?post=13261"}],"curies":[{"name":"wp","href":"https:\/\/api.w.org\/{rel}","templated":true}]}}