{"id":13237,"date":"2025-09-26T15:32:55","date_gmt":"2025-09-26T13:32:55","guid":{"rendered":"https:\/\/agora.xtec.cat\/ceip-falba\/?p=13237"},"modified":"2025-09-30T22:25:13","modified_gmt":"2025-09-30T20:25:13","slug":"font-de-noticies-no811","status":"publish","type":"post","link":"https:\/\/agora.xtec.cat\/ceip-falba\/general\/font-de-noticies-no811\/","title":{"rendered":"Font de Not\u00edcies n\u00ba812"},"content":{"rendered":"<p>Hola fam\u00edlies, us presentem el primer Font de Not\u00edcies d&#8217;aquest curs. Cont\u00e9 informaci\u00f3 important del menjador, de la puntualitat, les extraescolars organitzades per l&#8217;AFA i la inscripci\u00f3 al curs de catal\u00e0 oral VINCLES.<a href=\"https:\/\/drive.google.com\/file\/d\/1zWWIyGCWhqRkI2MwtZ76WxQBGcgTicY8\/view?usp=sharing\"><img loading=\"lazy\" decoding=\"async\" class=\"aligncenter wp-image-13245 size-large\" src=\"https:\/\/agora.xtec.cat\/ceip-falba\/wp-content\/uploads\/usu658\/2025\/09\/812-1024x558.png\" alt=\"\" width=\"1024\" height=\"558\" srcset=\"https:\/\/agora.xtec.cat\/ceip-falba\/wp-content\/uploads\/usu658\/2025\/09\/812-1024x558.png 1024w, https:\/\/agora.xtec.cat\/ceip-falba\/wp-content\/uploads\/usu658\/2025\/09\/812-300x163.png 300w, https:\/\/agora.xtec.cat\/ceip-falba\/wp-content\/uploads\/usu658\/2025\/09\/812-768x419.png 768w, https:\/\/agora.xtec.cat\/ceip-falba\/wp-content\/uploads\/usu658\/2025\/09\/812.png 1512w\" sizes=\"auto, (max-width: 1024px) 100vw, 1024px\" \/><\/a><\/p>\n","protected":false},"excerpt":{"rendered":"<p>Hola fam\u00edlies, us presentem el primer Font de Not\u00edcies d&#8217;aquest curs. Cont\u00e9 informaci\u00f3 important del menjador, de la puntualitat, les extraescolars organitzades per l&#8217;AFA i la inscripci\u00f3 al curs de catal\u00e0 oral VINCLES.<a href=\"https:\/\/drive.google.com\/file\/d\/1zWWIyGCWhqRkI2MwtZ76WxQBGcgTicY8\/view?usp=sharing\"><\/a><\/p>\n","protected":false},"author":1,"featured_media":13245,"comment_status":"closed","ping_status":"open","sticky":false,"template":"","format":"standard","meta":{"_bbp_topic_count":0,"_bbp_reply_count":0,"_bbp_total_topic_count":0,"_bbp_total_reply_count":0,"_bbp_voice_count":0,"_bbp_anonymous_reply_count":0,"_bbp_topic_count_hidden":0,"_bbp_reply_count_hidden":0,"_bbp_forum_subforum_count":0,"footnotes":""},"categories":[122,7,572,49,1,121,4],"tags":[],"class_list":["post-13237","post","type-post","status-publish","format-standard","has-post-thumbnail","hentry","category-extraescolars","category-ampa","category-curs-2025-26","category-font-de-noticies","category-general","category-menjador","category-portada"],"post_mailing_queue_ids":[],"_links":{"self":[{"href":"https:\/\/agora.xtec.cat\/ceip-falba\/wp-json\/wp\/v2\/posts\/13237","targetHints":{"allow":["GET"]}}],"collection":[{"href":"https:\/\/agora.xtec.cat\/ceip-falba\/wp-json\/wp\/v2\/posts"}],"about":[{"href":"https:\/\/agora.xtec.cat\/ceip-falba\/wp-json\/wp\/v2\/types\/post"}],"author":[{"embeddable":true,"href":"https:\/\/agora.xtec.cat\/ceip-falba\/wp-json\/wp\/v2\/users\/1"}],"replies":[{"embeddable":true,"href":"https:\/\/agora.xtec.cat\/ceip-falba\/wp-json\/wp\/v2\/comments?post=13237"}],"version-history":[{"count":5,"href":"https:\/\/agora.xtec.cat\/ceip-falba\/wp-json\/wp\/v2\/posts\/13237\/revisions"}],"predecessor-version":[{"id":13248,"href":"https:\/\/agora.xtec.cat\/ceip-falba\/wp-json\/wp\/v2\/posts\/13237\/revisions\/13248"}],"wp:featuredmedia":[{"embeddable":true,"href":"https:\/\/agora.xtec.cat\/ceip-falba\/wp-json\/wp\/v2\/media\/13245"}],"wp:attachment":[{"href":"https:\/\/agora.xtec.cat\/ceip-falba\/wp-json\/wp\/v2\/media?parent=13237"}],"wp:term":[{"taxonomy":"category","embeddable":true,"href":"https:\/\/agora.xtec.cat\/ceip-falba\/wp-json\/wp\/v2\/categories?post=13237"},{"taxonomy":"post_tag","embeddable":true,"href":"https:\/\/agora.xtec.cat\/ceip-falba\/wp-json\/wp\/v2\/tags?post=13237"}],"curies":[{"name":"wp","href":"https:\/\/api.w.org\/{rel}","templated":true}]}}