{"id":13221,"date":"2025-09-12T13:47:53","date_gmt":"2025-09-12T11:47:53","guid":{"rendered":"https:\/\/agora.xtec.cat\/ceip-falba\/?p=13221"},"modified":"2025-09-12T13:47:53","modified_gmt":"2025-09-12T11:47:53","slug":"extraescolars-curs-2025-2026","status":"publish","type":"post","link":"https:\/\/agora.xtec.cat\/ceip-falba\/general\/extraescolars-curs-2025-2026\/","title":{"rendered":"EXTRAESCOLARS CURS 2025\/2026"},"content":{"rendered":"<p>&nbsp;<\/p>\n<p style=\"background: white; margin: 0cm 0cm 15.0pt 0cm;\"><span style=\"font-family: 'Open Sans',sans-serif; color: #444444;\">Benvolgudes fam\u00edlies,<strong style=\"box-sizing: border-box; line-height: inherit;\"><span style=\"font-family: 'Open Sans',sans-serif;\">\u00a0\u00a0\u00a0\u00a0\u00a0\u00a0\u00a0\u00a0\u00a0\u00a0\u00a0\u00a0\u00a0\u00a0\u00a0\u00a0\u00a0\u00a0\u00a0\u00a0\u00a0\u00a0\u00a0\u00a0\u00a0\u00a0\u00a0\u00a0\u00a0\u00a0\u00a0\u00a0\u00a0\u00a0\u00a0\u00a0\u00a0\u00a0\u00a0\u00a0\u00a0\u00a0\u00a0\u00a0\u00a0\u00a0\u00a0\u00a0\u00a0\u00a0\u00a0\u00a0\u00a0<\/span><\/strong><\/span><\/p>\n<p style=\"background: white; box-sizing: border-box; text-rendering: optimizelegibility; font-variant-ligatures: normal; font-variant-caps: normal; orphans: 2; text-align: start; widows: 2; -webkit-text-stroke-width: 0px; text-decoration-thickness: initial; text-decoration-style: initial; text-decoration-color: initial; word-spacing: 0px; margin: 0cm 0cm 15.0pt 0cm;\"><span style=\"font-family: 'Open Sans',sans-serif; color: #444444;\">Des de l&#8217;AFA (Associaci\u00f3 de Families d&#8217;Alumnes) us fem arribar a continuaci\u00f3 la informaci\u00f3 sobre les <strong style=\"box-sizing: border-box; line-height: inherit;\"><span style=\"font-family: 'Open Sans',sans-serif;\">EXTRAESCOLARS d\u2019aquest curs 2025\/2026. <\/span><\/strong>\u00a0Aquesta informaci\u00f3 tamb\u00e9 la rebreu en paper. <\/span><\/p>\n<p style=\"background: white; box-sizing: border-box; text-rendering: optimizelegibility; font-variant-ligatures: normal; font-variant-caps: normal; orphans: 2; text-align: start; widows: 2; -webkit-text-stroke-width: 0px; text-decoration-thickness: initial; text-decoration-style: initial; text-decoration-color: initial; word-spacing: 0px; margin: 0cm 0cm 15.0pt 0cm;\"><span style=\"color: #444444; font-family: 'Open Sans', sans-serif; font-size: 1em;\">La NOVETAT d&#8217;aquest curs es que tenim una nova empresa que gestionar\u00e0 les activitats extraescolars, <\/span><strong style=\"color: #444444; font-family: 'Open Sans', sans-serif; font-size: 1em;\">\u00d2LIBA BLANCA<\/strong><span style=\"color: #444444; font-family: 'Open Sans', sans-serif; font-size: 1em;\">. <\/span><a style=\"font-family: 'Open Sans', sans-serif; font-size: 1em;\" href=\"https:\/\/agora.xtec.cat\/ceip-falba\/wp-content\/uploads\/usu658\/2025\/09\/oliba_blanca.png\"><img loading=\"lazy\" decoding=\"async\" class=\"alignnone wp-image-13226\" src=\"https:\/\/agora.xtec.cat\/ceip-falba\/wp-content\/uploads\/usu658\/2025\/09\/oliba_blanca.png\" alt=\"\" width=\"51\" height=\"49\" \/>\u00a0 \u00a0 \u00a0<\/a><\/p>\n<p style=\"background: white; box-sizing: border-box; text-rendering: optimizelegibility; font-variant-ligatures: normal; font-variant-caps: normal; orphans: 2; text-align: start; widows: 2; -webkit-text-stroke-width: 0px; text-decoration-thickness: initial; text-decoration-style: initial; text-decoration-color: initial; word-spacing: 0px; margin: 0cm 0cm 15.0pt 0cm;\"><span style=\"font-family: 'Open Sans',sans-serif; color: #444444;\">La proposta d&#8217;extraescolars per aquest curs \u00e9s:<\/span><\/p>\n<p style=\"background: white; margin: 0cm 0cm 15.0pt 0cm;\"><span style=\"font-family: 'Open Sans',sans-serif; color: #444444;\"><a href=\"https:\/\/agora.xtec.cat\/ceip-falba\/wp-content\/uploads\/usu658\/2025\/09\/Extraescolars1.png\"><img loading=\"lazy\" decoding=\"async\" class=\"alignnone wp-image-13223\" src=\"https:\/\/agora.xtec.cat\/ceip-falba\/wp-content\/uploads\/usu658\/2025\/09\/Extraescolars1-1024x722.png\" alt=\"\" width=\"635\" height=\"448\" srcset=\"https:\/\/agora.xtec.cat\/ceip-falba\/wp-content\/uploads\/usu658\/2025\/09\/Extraescolars1-1024x722.png 1024w, https:\/\/agora.xtec.cat\/ceip-falba\/wp-content\/uploads\/usu658\/2025\/09\/Extraescolars1-300x212.png 300w, https:\/\/agora.xtec.cat\/ceip-falba\/wp-content\/uploads\/usu658\/2025\/09\/Extraescolars1-768x542.png 768w, https:\/\/agora.xtec.cat\/ceip-falba\/wp-content\/uploads\/usu658\/2025\/09\/Extraescolars1.png 1294w\" sizes=\"auto, (max-width: 635px) 100vw, 635px\" \/><\/a> <a href=\"https:\/\/agora.xtec.cat\/ceip-falba\/wp-content\/uploads\/usu658\/2025\/09\/Extraescolars2.png\"><img loading=\"lazy\" decoding=\"async\" class=\"alignnone wp-image-13224\" src=\"https:\/\/agora.xtec.cat\/ceip-falba\/wp-content\/uploads\/usu658\/2025\/09\/Extraescolars2-1024x739.png\" alt=\"\" width=\"618\" height=\"446\" srcset=\"https:\/\/agora.xtec.cat\/ceip-falba\/wp-content\/uploads\/usu658\/2025\/09\/Extraescolars2-1024x739.png 1024w, https:\/\/agora.xtec.cat\/ceip-falba\/wp-content\/uploads\/usu658\/2025\/09\/Extraescolars2-300x216.png 300w, https:\/\/agora.xtec.cat\/ceip-falba\/wp-content\/uploads\/usu658\/2025\/09\/Extraescolars2-768x554.png 768w, https:\/\/agora.xtec.cat\/ceip-falba\/wp-content\/uploads\/usu658\/2025\/09\/Extraescolars2.png 1274w\" sizes=\"auto, (max-width: 618px) 100vw, 618px\" \/><\/a> <\/span><\/p>\n<p>Continuarem aquest any amb la extraescolar de <strong>PISCINA<\/strong> que es realitzar\u00e0 com sempre els DILLUNS. Aqui teniu la informaci\u00f3 corresponent:<\/p>\n<p>&nbsp;<\/p>\n<p><a href=\"https:\/\/agora.xtec.cat\/ceip-falba\/wp-content\/uploads\/usu658\/2025\/09\/PISCINA-2025-2026.png\"><img loading=\"lazy\" decoding=\"async\" class=\"alignnone wp-image-13227\" src=\"https:\/\/agora.xtec.cat\/ceip-falba\/wp-content\/uploads\/usu658\/2025\/09\/PISCINA-2025-2026.png\" alt=\"\" width=\"525\" height=\"751\" srcset=\"https:\/\/agora.xtec.cat\/ceip-falba\/wp-content\/uploads\/usu658\/2025\/09\/PISCINA-2025-2026.png 647w, https:\/\/agora.xtec.cat\/ceip-falba\/wp-content\/uploads\/usu658\/2025\/09\/PISCINA-2025-2026-210x300.png 210w\" sizes=\"auto, (max-width: 525px) 100vw, 525px\" \/><\/a><\/p>\n<p>A continuaci\u00f3 podeu trobar tamb\u00e9 informaci\u00f3 relacionada amb els <strong>AJUTS per activitats extraescolar<\/strong> d&#8217;aquest curs, amb la intenci\u00f3 de resoldre els dubtes que pugueu tenir.<\/p>\n<p style=\"background: white; margin: 0cm 0cm 15.0pt 0cm;\"><span style=\"font-family: 'Open Sans',sans-serif; color: #444444;\"><a href=\"https:\/\/agora.xtec.cat\/ceip-falba\/wp-content\/uploads\/usu658\/2025\/09\/Prestacions-extraescolars.png\"><img loading=\"lazy\" decoding=\"async\" class=\"alignnone wp-image-13225\" src=\"https:\/\/agora.xtec.cat\/ceip-falba\/wp-content\/uploads\/usu658\/2025\/09\/Prestacions-extraescolars.png\" alt=\"\" width=\"442\" height=\"629\" srcset=\"https:\/\/agora.xtec.cat\/ceip-falba\/wp-content\/uploads\/usu658\/2025\/09\/Prestacions-extraescolars.png 625w, https:\/\/agora.xtec.cat\/ceip-falba\/wp-content\/uploads\/usu658\/2025\/09\/Prestacions-extraescolars-211x300.png 211w\" sizes=\"auto, (max-width: 442px) 100vw, 442px\" \/><\/a>\u00a0<\/span><\/p>\n<p style=\"background: white; margin: 0cm 0cm 15.0pt 0cm;\"><u><span style=\"font-family: 'Open Sans',sans-serif; color: #444444;\">Us animem a fer les inscripcions el m\u00e9s aviat possible,<strong> abans del 26 de setembre<\/strong>, per poder tancar els grups.\u00a0<\/span><\/u><\/p>\n<p style=\"background: white; box-sizing: border-box; text-rendering: optimizelegibility; font-variant-ligatures: normal; font-variant-caps: normal; orphans: 2; text-align: start; widows: 2; -webkit-text-stroke-width: 0px; text-decoration-thickness: initial; text-decoration-style: initial; text-decoration-color: initial; word-spacing: 0px; margin: 0cm 0cm 15.0pt 0cm;\"><span style=\"font-family: 'Open Sans',sans-serif; color: #444444;\">Les inscripcions us arribaran en paper, i tamb\u00e9 les podeu trobar al mostrador de l&#8217;escola.<\/span><\/p>\n<p style=\"background: white; box-sizing: border-box; text-rendering: optimizelegibility; font-variant-ligatures: normal; font-variant-caps: normal; orphans: 2; text-align: start; widows: 2; -webkit-text-stroke-width: 0px; text-decoration-thickness: initial; text-decoration-style: initial; text-decoration-color: initial; word-spacing: 0px; margin: 0cm 0cm 15.0pt 0cm;\"><span style=\"font-family: 'Open Sans',sans-serif; color: #444444;\">Podeu lliurar les inscripcions a les b\u00fasties de l\u2019AFA (a les portes), a la safata del mostrador de l\u2019escola o , per totes les activitats excepte piscina, les podeu enviar al correu electr\u00f2nic <\/span><strong><span style=\"font-family: 'Open Sans',sans-serif; color: #444444;\">ob.fontdelalba<\/span><span style=\"font-family: 'Open Sans',sans-serif; color: #444444;\">@gmail.com<\/span><\/strong><strong style=\"box-sizing: border-box; line-height: inherit;\"><span style=\"font-family: 'Open Sans',sans-serif; color: #444444;\">.<\/span><\/strong><\/p>\n<p style=\"background: white; margin: 0cm 0cm 15.0pt 0cm;\"><strong><u><span style=\"font-family: 'Open Sans',sans-serif; color: #444444;\">Esperem que us animeu i es puguin fer moltes extraescolars!<\/span><\/u><\/strong><\/p>\n<p><a href=\"https:\/\/agora.xtec.cat\/ceip-falba\/wp-content\/uploads\/usu658\/2025\/09\/Contacte-AFA.png\"><img loading=\"lazy\" decoding=\"async\" class=\"alignnone wp-image-13229\" src=\"https:\/\/agora.xtec.cat\/ceip-falba\/wp-content\/uploads\/usu658\/2025\/09\/Contacte-AFA.png\" alt=\"\" width=\"215\" height=\"77\" \/><\/a><\/p>\n","protected":false},"excerpt":{"rendered":"<p>&nbsp;<br \/>\nBenvolgudes fam\u00edlies,\u00a0\u00a0\u00a0\u00a0\u00a0\u00a0\u00a0\u00a0\u00a0\u00a0\u00a0\u00a0\u00a0\u00a0\u00a0\u00a0\u00a0\u00a0\u00a0\u00a0\u00a0\u00a0\u00a0\u00a0\u00a0\u00a0\u00a0\u00a0\u00a0\u00a0\u00a0\u00a0\u00a0\u00a0\u00a0\u00a0\u00a0\u00a0\u00a0\u00a0\u00a0\u00a0\u00a0\u00a0\u00a0\u00a0\u00a0\u00a0\u00a0\u00a0\u00a0\u00a0\u00a0<br \/>\nDes de l&#8217;AFA (Associaci\u00f3 de Families d&#8217;Alumnes) us fem arribar a continuaci\u00f3 la informaci\u00f3 sobre les EXTRAESCOLARS d\u2019aquest curs 2025\/2026. \u00a0Aquesta informaci\u00f3 tamb\u00e9 la rebreu en paper.<br \/>\nLa NOVETAT d&#8217;aquest curs es que tenim una nova empresa que gestionar\u00e0 les activitats extraescolars, \u00d2LIBA BLANCA.&hellip;  <a href=\"https:\/\/agora.xtec.cat\/ceip-falba\/general\/extraescolars-curs-2025-2026\/\" title=\"Read EXTRAESCOLARS CURS 2025\/2026\">Llegeix m\u00e9s\u00bb<\/a><\/p>\n","protected":false},"author":6,"featured_media":13223,"comment_status":"closed","ping_status":"open","sticky":false,"template":"","format":"standard","meta":{"_bbp_topic_count":0,"_bbp_reply_count":0,"_bbp_total_topic_count":0,"_bbp_total_reply_count":0,"_bbp_voice_count":0,"_bbp_anonymous_reply_count":0,"_bbp_topic_count_hidden":0,"_bbp_reply_count_hidden":0,"_bbp_forum_subforum_count":0,"footnotes":""},"categories":[122,7,572,1,4],"tags":[],"class_list":["post-13221","post","type-post","status-publish","format-standard","has-post-thumbnail","hentry","category-extraescolars","category-ampa","category-curs-2025-26","category-general","category-portada"],"post_mailing_queue_ids":[],"_links":{"self":[{"href":"https:\/\/agora.xtec.cat\/ceip-falba\/wp-json\/wp\/v2\/posts\/13221","targetHints":{"allow":["GET"]}}],"collection":[{"href":"https:\/\/agora.xtec.cat\/ceip-falba\/wp-json\/wp\/v2\/posts"}],"about":[{"href":"https:\/\/agora.xtec.cat\/ceip-falba\/wp-json\/wp\/v2\/types\/post"}],"author":[{"embeddable":true,"href":"https:\/\/agora.xtec.cat\/ceip-falba\/wp-json\/wp\/v2\/users\/6"}],"replies":[{"embeddable":true,"href":"https:\/\/agora.xtec.cat\/ceip-falba\/wp-json\/wp\/v2\/comments?post=13221"}],"version-history":[{"count":5,"href":"https:\/\/agora.xtec.cat\/ceip-falba\/wp-json\/wp\/v2\/posts\/13221\/revisions"}],"predecessor-version":[{"id":13232,"href":"https:\/\/agora.xtec.cat\/ceip-falba\/wp-json\/wp\/v2\/posts\/13221\/revisions\/13232"}],"wp:featuredmedia":[{"embeddable":true,"href":"https:\/\/agora.xtec.cat\/ceip-falba\/wp-json\/wp\/v2\/media\/13223"}],"wp:attachment":[{"href":"https:\/\/agora.xtec.cat\/ceip-falba\/wp-json\/wp\/v2\/media?parent=13221"}],"wp:term":[{"taxonomy":"category","embeddable":true,"href":"https:\/\/agora.xtec.cat\/ceip-falba\/wp-json\/wp\/v2\/categories?post=13221"},{"taxonomy":"post_tag","embeddable":true,"href":"https:\/\/agora.xtec.cat\/ceip-falba\/wp-json\/wp\/v2\/tags?post=13221"}],"curies":[{"name":"wp","href":"https:\/\/api.w.org\/{rel}","templated":true}]}}