{"id":13201,"date":"2025-05-12T10:25:16","date_gmt":"2025-05-12T08:25:16","guid":{"rendered":"https:\/\/agora.xtec.cat\/ceip-falba\/?p=13201"},"modified":"2025-07-02T10:38:06","modified_gmt":"2025-07-02T08:38:06","slug":"concert-de-cantania-2025-real-una-experiencia-inoblidable","status":"publish","type":"post","link":"https:\/\/agora.xtec.cat\/ceip-falba\/general\/concert-de-cantania-2025-real-una-experiencia-inoblidable\/","title":{"rendered":"Concert de Cant\u00e0nia 2025: \u201cReal\u201d \u2013 Una experi\u00e8ncia inoblidable!"},"content":{"rendered":"<p>Despr\u00e9s de cinc mesos d\u2019assaigs plens d\u2019esfor\u00e7, il\u00b7lusi\u00f3 i aprenentatge, els nostres alumnes han pujat a l\u2019escenari per interpretar \u201cReal\u201d, la Cant\u00e0nia d\u2019aquest any. Aquest projecte musical, que ens ha acompanyat al llarg del curs, ha estat molt m\u00e9s que una obra: ha estat una experi\u00e8ncia de creixement personal i art\u00edstic per a tots i totes. Els nens i nenes han treballat intensament cada setmana per aprendre les can\u00e7ons, les coreografies i entendre la hist\u00f2ria que s\u2019explica a trav\u00e9s de la m\u00fasica. \u201cReal\u201d ens parla de la diferencia entre realitat i ficci\u00f3 i el que ambdues experi\u00e8ncies impliquen a la nostra vida. El concert va ser tot un \u00e8xit! Es va fer en una sala de l&#8217;Auditori de Barcelona, amb altres escoles participants, i va ser un moment molt especial per a les fam\u00edlies que van poder veure de prop el resultat d\u2019aquest gran esfor\u00e7 col\u00b7lectiu.<\/p>\n<p>Hem preparat un petit reportatge per compartir amb vosaltres el projecte. Podeu veure com els infants han viscut aquesta experi\u00e8ncia amb entusiasme, comprom\u00eds i emoci\u00f3. Gr\u00e0cies per acompanyar-nos i fer possible aquesta viv\u00e8ncia tan real i significativa!<\/p>\n<p><iframe loading=\"lazy\" src=\"\/\/www.youtube.com\/embed\/vaZfhrxvpKk\" width=\"560\" height=\"314\" allowfullscreen=\"allowfullscreen\"><\/iframe><\/p>\n<p>&nbsp;<\/p>\n","protected":false},"excerpt":{"rendered":"<p>Despr\u00e9s de cinc mesos d\u2019assaigs plens d\u2019esfor\u00e7, il\u00b7lusi\u00f3 i aprenentatge, els nostres alumnes han pujat a l\u2019escenari per interpretar \u201cReal\u201d, la Cant\u00e0nia d\u2019aquest any.&hellip;  <a href=\"https:\/\/agora.xtec.cat\/ceip-falba\/general\/concert-de-cantania-2025-real-una-experiencia-inoblidable\/\" title=\"Read Concert de Cant\u00e0nia 2025: \u201cReal\u201d \u2013 Una experi\u00e8ncia inoblidable!\">Llegeix m\u00e9s\u00bb<\/a><\/p>\n","protected":false},"author":92,"featured_media":13202,"comment_status":"closed","ping_status":"open","sticky":false,"template":"","format":"standard","meta":{"_bbp_topic_count":0,"_bbp_reply_count":0,"_bbp_total_topic_count":0,"_bbp_total_reply_count":0,"_bbp_voice_count":0,"_bbp_anonymous_reply_count":0,"_bbp_topic_count_hidden":0,"_bbp_reply_count_hidden":0,"_bbp_forum_subforum_count":0,"footnotes":""},"categories":[14,464,513,1,34,507,4],"tags":[],"class_list":["post-13201","post","type-post","status-publish","format-standard","has-post-thumbnail","hentry","category-5e","category-cantania","category-curs-2024-25","category-general","category-musica","category-musica-2","category-portada"],"post_mailing_queue_ids":[],"_links":{"self":[{"href":"https:\/\/agora.xtec.cat\/ceip-falba\/wp-json\/wp\/v2\/posts\/13201","targetHints":{"allow":["GET"]}}],"collection":[{"href":"https:\/\/agora.xtec.cat\/ceip-falba\/wp-json\/wp\/v2\/posts"}],"about":[{"href":"https:\/\/agora.xtec.cat\/ceip-falba\/wp-json\/wp\/v2\/types\/post"}],"author":[{"embeddable":true,"href":"https:\/\/agora.xtec.cat\/ceip-falba\/wp-json\/wp\/v2\/users\/92"}],"replies":[{"embeddable":true,"href":"https:\/\/agora.xtec.cat\/ceip-falba\/wp-json\/wp\/v2\/comments?post=13201"}],"version-history":[{"count":1,"href":"https:\/\/agora.xtec.cat\/ceip-falba\/wp-json\/wp\/v2\/posts\/13201\/revisions"}],"predecessor-version":[{"id":13203,"href":"https:\/\/agora.xtec.cat\/ceip-falba\/wp-json\/wp\/v2\/posts\/13201\/revisions\/13203"}],"wp:featuredmedia":[{"embeddable":true,"href":"https:\/\/agora.xtec.cat\/ceip-falba\/wp-json\/wp\/v2\/media\/13202"}],"wp:attachment":[{"href":"https:\/\/agora.xtec.cat\/ceip-falba\/wp-json\/wp\/v2\/media?parent=13201"}],"wp:term":[{"taxonomy":"category","embeddable":true,"href":"https:\/\/agora.xtec.cat\/ceip-falba\/wp-json\/wp\/v2\/categories?post=13201"},{"taxonomy":"post_tag","embeddable":true,"href":"https:\/\/agora.xtec.cat\/ceip-falba\/wp-json\/wp\/v2\/tags?post=13201"}],"curies":[{"name":"wp","href":"https:\/\/api.w.org\/{rel}","templated":true}]}}