{"id":13183,"date":"2025-06-20T07:28:11","date_gmt":"2025-06-20T05:28:11","guid":{"rendered":"https:\/\/agora.xtec.cat\/ceip-falba\/?p=13183"},"modified":"2025-06-20T07:28:11","modified_gmt":"2025-06-20T05:28:11","slug":"lescola-participa-al-robotfest","status":"publish","type":"post","link":"https:\/\/agora.xtec.cat\/ceip-falba\/general\/lescola-participa-al-robotfest\/","title":{"rendered":"L&#8217;ESCOLA PARTICIPA AL ROBOTFEST!"},"content":{"rendered":"<p data-start=\"114\" data-end=\"441\">Aquesta setmana, la nostra escola ha tingut l\u2019oportunitat de participar al <em data-start=\"187\" data-end=\"198\">Robotfest<\/em>, una jornada dedicada al pensament computacional i la rob\u00f2tica educativa. Aquesta trobada ofereix un espai privilegiat per compartir experi\u00e8ncies i donar a con\u00e8ixer a la ciutadania la tasca que desenvolupem en aquest \u00e0mbit al nostre centre.<\/p>\n<p data-start=\"443\" data-end=\"745\">Una representaci\u00f3 de l\u2019alumnat de la comunitat gran ha estat explicant les seves creacions a aquells que s&#8217;han apropat. Han viscut una jornada plena d\u2019aprenentatge, creativitat i intercanvi d\u2019idees. Alhora, el professorat i altres membres de la comunitat educativa han pogut connectar amb professionals d\u2019altres escoles, inspirar-se i descobrir nous projectes innovadors.<\/p>\n<p data-start=\"747\" data-end=\"963\">L\u2019experi\u00e8ncia, impulsada pel Servei Educatiu del Vall\u00e8s Occidental II, ha estat molt enriquidora i ens encoratja a seguir apostant per la innovaci\u00f3 i per una educaci\u00f3 que prepari els infants per als reptes del futur.<\/p>\n<p data-start=\"956\" data-end=\"1019\">\ud83d\udcf8 <strong data-start=\"959\" data-end=\"1019\">Podeu veure les imatges de la jornada <a href=\"https:\/\/drive.google.com\/drive\/folders\/19Bruz6n8d01lU4MpA1ANEAusoKQWytoC?usp=sharing\">clicant aqu\u00ed.<\/a><\/strong><\/p>\n","protected":false},"excerpt":{"rendered":"<p>Aquesta setmana, la nostra escola ha tingut l\u2019oportunitat de participar al Robotfest, una jornada dedicada al pensament computacional i la rob\u00f2tica educativa. Aquesta trobada ofereix un espai privilegiat per compartir experi\u00e8ncies i donar a con\u00e8ixer a la ciutadania la tasca que desenvolupem en aquest \u00e0mbit&hellip;  <a href=\"https:\/\/agora.xtec.cat\/ceip-falba\/general\/lescola-participa-al-robotfest\/\" title=\"Read L&#8217;ESCOLA PARTICIPA AL ROBOTFEST!\">Llegeix m\u00e9s\u00bb<\/a><\/p>\n","protected":false},"author":1,"featured_media":13184,"comment_status":"closed","ping_status":"open","sticky":false,"template":"","format":"standard","meta":{"_bbp_topic_count":0,"_bbp_reply_count":0,"_bbp_total_topic_count":0,"_bbp_total_reply_count":0,"_bbp_voice_count":0,"_bbp_anonymous_reply_count":0,"_bbp_topic_count_hidden":0,"_bbp_reply_count_hidden":0,"_bbp_forum_subforum_count":0,"footnotes":""},"categories":[445,442,340,453,513,1,4,25,467,470],"tags":[],"class_list":["post-13183","post","type-post","status-publish","format-standard","has-post-thumbnail","hentry","category-comunitat-gran","category-comunitat-mitjana","category-comunitat-de-petits","category-contextos-daprenentatge","category-curs-2024-25","category-general","category-portada","category-projectesescola","category-robotica","category-tecnologies"],"post_mailing_queue_ids":[],"_links":{"self":[{"href":"https:\/\/agora.xtec.cat\/ceip-falba\/wp-json\/wp\/v2\/posts\/13183","targetHints":{"allow":["GET"]}}],"collection":[{"href":"https:\/\/agora.xtec.cat\/ceip-falba\/wp-json\/wp\/v2\/posts"}],"about":[{"href":"https:\/\/agora.xtec.cat\/ceip-falba\/wp-json\/wp\/v2\/types\/post"}],"author":[{"embeddable":true,"href":"https:\/\/agora.xtec.cat\/ceip-falba\/wp-json\/wp\/v2\/users\/1"}],"replies":[{"embeddable":true,"href":"https:\/\/agora.xtec.cat\/ceip-falba\/wp-json\/wp\/v2\/comments?post=13183"}],"version-history":[{"count":1,"href":"https:\/\/agora.xtec.cat\/ceip-falba\/wp-json\/wp\/v2\/posts\/13183\/revisions"}],"predecessor-version":[{"id":13185,"href":"https:\/\/agora.xtec.cat\/ceip-falba\/wp-json\/wp\/v2\/posts\/13183\/revisions\/13185"}],"wp:featuredmedia":[{"embeddable":true,"href":"https:\/\/agora.xtec.cat\/ceip-falba\/wp-json\/wp\/v2\/media\/13184"}],"wp:attachment":[{"href":"https:\/\/agora.xtec.cat\/ceip-falba\/wp-json\/wp\/v2\/media?parent=13183"}],"wp:term":[{"taxonomy":"category","embeddable":true,"href":"https:\/\/agora.xtec.cat\/ceip-falba\/wp-json\/wp\/v2\/categories?post=13183"},{"taxonomy":"post_tag","embeddable":true,"href":"https:\/\/agora.xtec.cat\/ceip-falba\/wp-json\/wp\/v2\/tags?post=13183"}],"curies":[{"name":"wp","href":"https:\/\/api.w.org\/{rel}","templated":true}]}}