{"id":13176,"date":"2025-06-18T12:05:16","date_gmt":"2025-06-18T10:05:16","guid":{"rendered":"https:\/\/agora.xtec.cat\/ceip-falba\/?p=13176"},"modified":"2025-06-18T12:05:16","modified_gmt":"2025-06-18T10:05:16","slug":"parlem-dexperiencies-musicals","status":"publish","type":"post","link":"https:\/\/agora.xtec.cat\/ceip-falba\/portada\/parlem-dexperiencies-musicals\/","title":{"rendered":"Parlem d&#8217;experi\u00e8ncies musicals!"},"content":{"rendered":"<p>I t\u00fa, vols aprendre a tocar un instrument?\u00a0Una alumna de 4t de la nostra escola, ha comen\u00e7at aquest any a estudiar obo\u00e8 al Conservatori de M\u00fasica de Terrassa gr\u00e0cies a un programa conjunt que fa anys duem a terme al centre i te com a objectiu aprendre a tocar un instrument de la m\u00e0 de mestres del conservatori. Aquesta iniciativa li ha perm\u00e8s descobrir la seva passi\u00f3 per la m\u00fasica, i ha el curs passat va comen\u00e7ar a estudiar l&#8217;Obo\u00e8 i ha gaudit molt d\u2019aquesta primera experi\u00e8ncia durant aquest curs. Per aix\u00f2, a Font TV les alumnes de 6\u00e8 li van fer un reportatge i ens explica una mica el que fa: instrument, llenguatge musical i cant coral.<\/p>\n<p>Estem molt contents de veure com creix el seu entusiasme, per saber una mica m\u00e9s, mireu el v\u00eddeo!<\/p>\n<p>&nbsp;<\/p>\n<p><iframe loading=\"lazy\" src=\"\/\/www.youtube.com\/embed\/LBJyCt0srtY\" width=\"560\" height=\"314\" allowfullscreen=\"allowfullscreen\"><\/iframe><\/p>\n<p>&nbsp;<\/p>\n","protected":false},"excerpt":{"rendered":"<p>I t\u00fa, vols aprendre a tocar un instrument?\u00a0Una alumna de 4t de la nostra escola, ha comen\u00e7at aquest any a estudiar obo\u00e8 al Conservatori de M\u00fasica de Terrassa.&hellip;  <a href=\"https:\/\/agora.xtec.cat\/ceip-falba\/portada\/parlem-dexperiencies-musicals\/\" title=\"Read Parlem d&#8217;experi\u00e8ncies musicals!\">Llegeix m\u00e9s\u00bb<\/a><\/p>\n","protected":false},"author":92,"featured_media":13178,"comment_status":"closed","ping_status":"open","sticky":false,"template":"","format":"standard","meta":{"_bbp_topic_count":0,"_bbp_reply_count":0,"_bbp_total_topic_count":0,"_bbp_total_reply_count":0,"_bbp_voice_count":0,"_bbp_anonymous_reply_count":0,"_bbp_topic_count_hidden":0,"_bbp_reply_count_hidden":0,"_bbp_forum_subforum_count":0,"footnotes":""},"categories":[211,513,34,4],"tags":[],"class_list":["post-13176","post","type-post","status-publish","format-standard","has-post-thumbnail","hentry","category-4t","category-curs-2024-25","category-musica","category-portada"],"post_mailing_queue_ids":[],"_links":{"self":[{"href":"https:\/\/agora.xtec.cat\/ceip-falba\/wp-json\/wp\/v2\/posts\/13176","targetHints":{"allow":["GET"]}}],"collection":[{"href":"https:\/\/agora.xtec.cat\/ceip-falba\/wp-json\/wp\/v2\/posts"}],"about":[{"href":"https:\/\/agora.xtec.cat\/ceip-falba\/wp-json\/wp\/v2\/types\/post"}],"author":[{"embeddable":true,"href":"https:\/\/agora.xtec.cat\/ceip-falba\/wp-json\/wp\/v2\/users\/92"}],"replies":[{"embeddable":true,"href":"https:\/\/agora.xtec.cat\/ceip-falba\/wp-json\/wp\/v2\/comments?post=13176"}],"version-history":[{"count":1,"href":"https:\/\/agora.xtec.cat\/ceip-falba\/wp-json\/wp\/v2\/posts\/13176\/revisions"}],"predecessor-version":[{"id":13179,"href":"https:\/\/agora.xtec.cat\/ceip-falba\/wp-json\/wp\/v2\/posts\/13176\/revisions\/13179"}],"wp:featuredmedia":[{"embeddable":true,"href":"https:\/\/agora.xtec.cat\/ceip-falba\/wp-json\/wp\/v2\/media\/13178"}],"wp:attachment":[{"href":"https:\/\/agora.xtec.cat\/ceip-falba\/wp-json\/wp\/v2\/media?parent=13176"}],"wp:term":[{"taxonomy":"category","embeddable":true,"href":"https:\/\/agora.xtec.cat\/ceip-falba\/wp-json\/wp\/v2\/categories?post=13176"},{"taxonomy":"post_tag","embeddable":true,"href":"https:\/\/agora.xtec.cat\/ceip-falba\/wp-json\/wp\/v2\/tags?post=13176"}],"curies":[{"name":"wp","href":"https:\/\/api.w.org\/{rel}","templated":true}]}}