{"id":13171,"date":"2025-06-17T15:08:24","date_gmt":"2025-06-17T13:08:24","guid":{"rendered":"https:\/\/agora.xtec.cat\/ceip-falba\/?p=13171"},"modified":"2025-06-17T15:08:24","modified_gmt":"2025-06-17T13:08:24","slug":"font-tv-conclou-ple-de-contingut","status":"publish","type":"post","link":"https:\/\/agora.xtec.cat\/ceip-falba\/portada\/font-tv-conclou-ple-de-contingut\/","title":{"rendered":"Font TV conclou pl\u00e8 de contingut!"},"content":{"rendered":"<h3>Ja podeu veure l\u2019\u00faltim programa de Font TV del curs!<\/h3>\n<p>Amb molta il\u00b7lusi\u00f3, us presentem el <strong>darrer programa de Font TV d\u2019aquest curs<\/strong>, un espai audiovisual fet des de l\u2019escola per compartir viv\u00e8ncies, projectes i veus de la nostra comunitat educativa.\u00a0Aquest \u00faltim cap\u00edtol ve carregat de continguts especials i de gran valor emocional. Comptem amb la participaci\u00f3 de <strong>l\u2019Albert<\/strong>, el nostre estimat <strong>monitor de menjador de 6\u00e8<\/strong>, que ens acompanya per acomiadar el curs amb la seva simpatia, vocaci\u00f3 i implicaci\u00f3 de sempre. Tamb\u00e9 ens visita la <strong>Tati<\/strong>, alumna de 4t de la nostra escola. Ens parla de l&#8217;experi\u00e8ncia d&#8217;estudiar <strong>l&#8217;obo\u00e8<\/strong> al Conservatori Municipal de m\u00fasica de Terrassa, i ens mostra la seva passi\u00f3 per la m\u00fasica i el valor de l&#8217;esfor\u00e7. A m\u00e9s, descobrim un projecte preci\u00f3s que ha fet tot l\u2019alumnat de 5\u00e8 durant el curs: <strong>Cantania: &#8220;Real&#8221;<\/strong>, una obra musical que han estat treballant durant molts mesos. Ha estat una experi\u00e8ncia \u00fanica en qu\u00e8 han apr\u00e8s a cr\u00e9ixer a trav\u00e9s del cant i han culminat amb un <strong>concert a l\u2019Auditori de Barcelona<\/strong>. Un treball col\u00b7lectiu ple d\u2019esfor\u00e7, emoci\u00f3 i m\u00fasica que no us podeu perdre.\u00a0En definitiva, un programa ple de contingut, fet amb moltes ganes i estima per tot l\u2019equip de Font TV. Una manera genial de tancar el curs i de celebrar tot el que hem viscut.<\/p>\n<p>\ud83c\udfac <strong>Mireu-lo ara i ens acomiadem del curs com cal: Bon estiu, ens veiem a la tornada!<\/strong><\/p>\n<p>&nbsp;<\/p>\n<p><iframe loading=\"lazy\" src=\"\/\/www.youtube.com\/embed\/JMqAILVDeDE\" width=\"560\" height=\"314\" allowfullscreen=\"allowfullscreen\"><\/iframe><\/p>\n<p>&nbsp;<\/p>\n<p style=\"text-align: center;\">\n","protected":false},"excerpt":{"rendered":"<p>Amb molta il\u00b7lusi\u00f3, us presentem el darrer programa de Font TV d\u2019aquest curs, un espai audiovisual fet des de l\u2019escola per compartir viv\u00e8ncies, projectes i veus de la nostra comunitat educativa.\u00a0&hellip;  <a href=\"https:\/\/agora.xtec.cat\/ceip-falba\/portada\/font-tv-conclou-ple-de-contingut\/\" title=\"Read Font TV conclou pl\u00e8 de contingut!\">Llegeix m\u00e9s\u00bb<\/a><\/p>\n","protected":false},"author":92,"featured_media":13172,"comment_status":"closed","ping_status":"open","sticky":false,"template":"","format":"standard","meta":{"_bbp_topic_count":0,"_bbp_reply_count":0,"_bbp_total_topic_count":0,"_bbp_total_reply_count":0,"_bbp_voice_count":0,"_bbp_anonymous_reply_count":0,"_bbp_topic_count_hidden":0,"_bbp_reply_count_hidden":0,"_bbp_forum_subforum_count":0,"footnotes":""},"categories":[211,14,15,445,513,26,4],"tags":[],"class_list":["post-13171","post","type-post","status-publish","format-standard","has-post-thumbnail","hentry","category-4t","category-5e","category-6e","category-comunitat-gran","category-curs-2024-25","category-fonttv","category-portada"],"post_mailing_queue_ids":[],"_links":{"self":[{"href":"https:\/\/agora.xtec.cat\/ceip-falba\/wp-json\/wp\/v2\/posts\/13171","targetHints":{"allow":["GET"]}}],"collection":[{"href":"https:\/\/agora.xtec.cat\/ceip-falba\/wp-json\/wp\/v2\/posts"}],"about":[{"href":"https:\/\/agora.xtec.cat\/ceip-falba\/wp-json\/wp\/v2\/types\/post"}],"author":[{"embeddable":true,"href":"https:\/\/agora.xtec.cat\/ceip-falba\/wp-json\/wp\/v2\/users\/92"}],"replies":[{"embeddable":true,"href":"https:\/\/agora.xtec.cat\/ceip-falba\/wp-json\/wp\/v2\/comments?post=13171"}],"version-history":[{"count":3,"href":"https:\/\/agora.xtec.cat\/ceip-falba\/wp-json\/wp\/v2\/posts\/13171\/revisions"}],"predecessor-version":[{"id":13175,"href":"https:\/\/agora.xtec.cat\/ceip-falba\/wp-json\/wp\/v2\/posts\/13171\/revisions\/13175"}],"wp:featuredmedia":[{"embeddable":true,"href":"https:\/\/agora.xtec.cat\/ceip-falba\/wp-json\/wp\/v2\/media\/13172"}],"wp:attachment":[{"href":"https:\/\/agora.xtec.cat\/ceip-falba\/wp-json\/wp\/v2\/media?parent=13171"}],"wp:term":[{"taxonomy":"category","embeddable":true,"href":"https:\/\/agora.xtec.cat\/ceip-falba\/wp-json\/wp\/v2\/categories?post=13171"},{"taxonomy":"post_tag","embeddable":true,"href":"https:\/\/agora.xtec.cat\/ceip-falba\/wp-json\/wp\/v2\/tags?post=13171"}],"curies":[{"name":"wp","href":"https:\/\/api.w.org\/{rel}","templated":true}]}}