{"id":13150,"date":"2025-06-11T12:41:36","date_gmt":"2025-06-11T10:41:36","guid":{"rendered":"https:\/\/agora.xtec.cat\/ceip-falba\/?p=13150"},"modified":"2025-06-11T12:41:36","modified_gmt":"2025-06-11T10:41:36","slug":"de-la-idea-a-la-paradeta-el-viatge-de-covebutuntu","status":"publish","type":"post","link":"https:\/\/agora.xtec.cat\/ceip-falba\/general\/de-la-idea-a-la-paradeta-el-viatge-de-covebutuntu\/","title":{"rendered":"De la idea a la paradeta: el viatge de Covebutuntu"},"content":{"rendered":"<p data-start=\"143\" data-end=\"361\">El passat 4 de juny, els nens i nenes de cinqu\u00e8 van viure una experi\u00e8ncia inoblidable. Despr\u00e9s de moltes setmanes de feina, per fi va arribar el gran dia: <strong>la venda dels seus productes al mercadal de Mart\u00ed l&#8217;Hum\u00e0!<\/strong><\/p>\n<p data-start=\"363\" data-end=\"758\">Amb la seva cooperativa <strong>Covebutuntu<\/strong>, els alumnes han estat treballant dins el projecte CUEME (Cultura Emprenedora a l\u2019Escola), on han apr\u00e8s a crear i gestionar la seva pr\u00f2pia cooperativa: han escollit el nom i el logotip, han decidit qu\u00e8 volien fabricar i vendre, han calculat preus, han fet campanyes de publicitat, i sobretot, han apr\u00e8s a treballar en equip i a prendre decisions tots junts.<\/p>\n<p data-start=\"760\" data-end=\"1071\">El dia del mercadal, la il\u00b7lusi\u00f3 es notava a les cares de tothom. Van muntar la seva parada amb molta cura i orgull, van decorar-la perqu\u00e8 fos ben atractiva i, sobretot, van atendre la clientela com aut\u00e8ntics professionals: amables, responsables i amb moltes ganes de compartir tot all\u00f2 que havien fet.<\/p>\n<p data-start=\"1073\" data-end=\"1281\">Va ser tot un \u00e8xit! La parada de Covebutuntu va rebre moltes visites, i la feina feta es va traduir en moltes vendes i, el m\u00e9s important, en una experi\u00e8ncia que segur que recordaran durant molt de temps.<\/p>\n<p data-start=\"1283\" data-end=\"1470\">Aquest projecte no nom\u00e9s els ha ensenyat a ser petits emprenedors, sin\u00f3 que tamb\u00e9 els ha ajudat a descobrir el valor de l\u2019esfor\u00e7, la const\u00e0ncia, la responsabilitat i el treball conjunt.<\/p>\n<p data-start=\"1283\" data-end=\"1470\"><strong>Sou un gran equip, Covebutuntu!<\/strong><\/p>\n\n\t\t<style type=\"text\/css\">\n\t\t\t#gallery-1 {\n\t\t\t\tmargin: auto;\n\t\t\t}\n\t\t\t#gallery-1 .gallery-item {\n\t\t\t\tfloat: left;\n\t\t\t\tmargin-top: 10px;\n\t\t\t\ttext-align: center;\n\t\t\t\twidth: 33%;\n\t\t\t}\n\t\t\t#gallery-1 img {\n\t\t\t\tborder: 2px solid #cfcfcf;\n\t\t\t}\n\t\t\t#gallery-1 .gallery-caption {\n\t\t\t\tmargin-left: 0;\n\t\t\t}\n\t\t\t\/* see gallery_shortcode() in wp-includes\/media.php *\/\n\t\t<\/style>\n\t\t<div id='gallery-1' class='gallery galleryid-13150 gallery-columns-3 gallery-size-thumbnail'><dl class='gallery-item'>\n\t\t\t<dt class='gallery-icon portrait'>\n\t\t\t\t<a href='https:\/\/agora.xtec.cat\/ceip-falba\/general\/de-la-idea-a-la-paradeta-el-viatge-de-covebutuntu\/attachment\/img_1540-2\/'><img loading=\"lazy\" decoding=\"async\" width=\"150\" height=\"150\" src=\"https:\/\/agora.xtec.cat\/ceip-falba\/wp-content\/uploads\/usu658\/2025\/06\/IMG_1540-1-150x150.jpg\" class=\"attachment-thumbnail size-thumbnail\" alt=\"\" \/><\/a>\n\t\t\t<\/dt><\/dl><dl class='gallery-item'>\n\t\t\t<dt class='gallery-icon portrait'>\n\t\t\t\t<a href='https:\/\/agora.xtec.cat\/ceip-falba\/general\/de-la-idea-a-la-paradeta-el-viatge-de-covebutuntu\/attachment\/img_1537\/'><img loading=\"lazy\" decoding=\"async\" width=\"150\" height=\"150\" src=\"https:\/\/agora.xtec.cat\/ceip-falba\/wp-content\/uploads\/usu658\/2025\/06\/IMG_1537-150x150.jpg\" class=\"attachment-thumbnail size-thumbnail\" alt=\"\" \/><\/a>\n\t\t\t<\/dt><\/dl><dl class='gallery-item'>\n\t\t\t<dt class='gallery-icon landscape'>\n\t\t\t\t<a href='https:\/\/agora.xtec.cat\/ceip-falba\/general\/de-la-idea-a-la-paradeta-el-viatge-de-covebutuntu\/attachment\/img_1535\/'><img loading=\"lazy\" decoding=\"async\" width=\"150\" height=\"150\" src=\"https:\/\/agora.xtec.cat\/ceip-falba\/wp-content\/uploads\/usu658\/2025\/06\/IMG_1535-150x150.jpg\" class=\"attachment-thumbnail size-thumbnail\" alt=\"\" \/><\/a>\n\t\t\t<\/dt><\/dl><br style=\"clear: both\" \/><dl class='gallery-item'>\n\t\t\t<dt class='gallery-icon portrait'>\n\t\t\t\t<a href='https:\/\/agora.xtec.cat\/ceip-falba\/general\/de-la-idea-a-la-paradeta-el-viatge-de-covebutuntu\/attachment\/img_1536\/'><img loading=\"lazy\" decoding=\"async\" width=\"150\" height=\"150\" src=\"https:\/\/agora.xtec.cat\/ceip-falba\/wp-content\/uploads\/usu658\/2025\/06\/IMG_1536-150x150.jpg\" class=\"attachment-thumbnail size-thumbnail\" alt=\"\" \/><\/a>\n\t\t\t<\/dt><\/dl><dl class='gallery-item'>\n\t\t\t<dt class='gallery-icon portrait'>\n\t\t\t\t<a href='https:\/\/agora.xtec.cat\/ceip-falba\/general\/de-la-idea-a-la-paradeta-el-viatge-de-covebutuntu\/attachment\/img_1533\/'><img loading=\"lazy\" decoding=\"async\" width=\"150\" height=\"150\" src=\"https:\/\/agora.xtec.cat\/ceip-falba\/wp-content\/uploads\/usu658\/2025\/06\/IMG_1533-150x150.jpg\" class=\"attachment-thumbnail size-thumbnail\" alt=\"\" \/><\/a>\n\t\t\t<\/dt><\/dl><dl class='gallery-item'>\n\t\t\t<dt class='gallery-icon portrait'>\n\t\t\t\t<a href='https:\/\/agora.xtec.cat\/ceip-falba\/general\/de-la-idea-a-la-paradeta-el-viatge-de-covebutuntu\/attachment\/img_1534\/'><img loading=\"lazy\" decoding=\"async\" width=\"150\" height=\"150\" src=\"https:\/\/agora.xtec.cat\/ceip-falba\/wp-content\/uploads\/usu658\/2025\/06\/IMG_1534-150x150.jpg\" class=\"attachment-thumbnail size-thumbnail\" alt=\"\" \/><\/a>\n\t\t\t<\/dt><\/dl><br style=\"clear: both\" \/>\n\t\t<\/div>\n\n","protected":false},"excerpt":{"rendered":"<p>El passat 4 de juny, els nens i nenes de cinqu\u00e8 van viure una experi\u00e8ncia inoblidable. Despr\u00e9s de moltes setmanes de feina, per fi va arribar el gran dia: la venda dels seus productes al mercadal de Mart\u00ed l&#8217;Hum\u00e0!&hellip;  <a href=\"https:\/\/agora.xtec.cat\/ceip-falba\/general\/de-la-idea-a-la-paradeta-el-viatge-de-covebutuntu\/\" title=\"Read De la idea a la paradeta: el viatge de Covebutuntu\">Llegeix m\u00e9s\u00bb<\/a><\/p>\n","protected":false},"author":1,"featured_media":13151,"comment_status":"closed","ping_status":"open","sticky":false,"template":"","format":"standard","meta":{"_bbp_topic_count":0,"_bbp_reply_count":0,"_bbp_total_topic_count":0,"_bbp_total_reply_count":0,"_bbp_voice_count":0,"_bbp_anonymous_reply_count":0,"_bbp_topic_count_hidden":0,"_bbp_reply_count_hidden":0,"_bbp_forum_subforum_count":0,"footnotes":""},"categories":[14,445,458,513,1,4,5],"tags":[380,552,377,553,571,569,570],"class_list":["post-13150","post","type-post","status-publish","format-standard","has-post-thumbnail","hentry","category-5e","category-comunitat-gran","category-cooperativa","category-curs-2024-25","category-general","category-portada","category-primaria","tag-cooperativa","tag-covebutuntu","tag-cueme","tag-mercadal","tag-paradeta","tag-productes","tag-venda"],"post_mailing_queue_ids":[],"_links":{"self":[{"href":"https:\/\/agora.xtec.cat\/ceip-falba\/wp-json\/wp\/v2\/posts\/13150","targetHints":{"allow":["GET"]}}],"collection":[{"href":"https:\/\/agora.xtec.cat\/ceip-falba\/wp-json\/wp\/v2\/posts"}],"about":[{"href":"https:\/\/agora.xtec.cat\/ceip-falba\/wp-json\/wp\/v2\/types\/post"}],"author":[{"embeddable":true,"href":"https:\/\/agora.xtec.cat\/ceip-falba\/wp-json\/wp\/v2\/users\/1"}],"replies":[{"embeddable":true,"href":"https:\/\/agora.xtec.cat\/ceip-falba\/wp-json\/wp\/v2\/comments?post=13150"}],"version-history":[{"count":3,"href":"https:\/\/agora.xtec.cat\/ceip-falba\/wp-json\/wp\/v2\/posts\/13150\/revisions"}],"predecessor-version":[{"id":13163,"href":"https:\/\/agora.xtec.cat\/ceip-falba\/wp-json\/wp\/v2\/posts\/13150\/revisions\/13163"}],"wp:featuredmedia":[{"embeddable":true,"href":"https:\/\/agora.xtec.cat\/ceip-falba\/wp-json\/wp\/v2\/media\/13151"}],"wp:attachment":[{"href":"https:\/\/agora.xtec.cat\/ceip-falba\/wp-json\/wp\/v2\/media?parent=13150"}],"wp:term":[{"taxonomy":"category","embeddable":true,"href":"https:\/\/agora.xtec.cat\/ceip-falba\/wp-json\/wp\/v2\/categories?post=13150"},{"taxonomy":"post_tag","embeddable":true,"href":"https:\/\/agora.xtec.cat\/ceip-falba\/wp-json\/wp\/v2\/tags?post=13150"}],"curies":[{"name":"wp","href":"https:\/\/api.w.org\/{rel}","templated":true}]}}