{"id":13123,"date":"2025-06-10T09:25:30","date_gmt":"2025-06-10T07:25:30","guid":{"rendered":"https:\/\/agora.xtec.cat\/ceip-falba\/?p=13123"},"modified":"2025-06-23T09:21:28","modified_gmt":"2025-06-23T07:21:28","slug":"torneig-descacs-i-dames-2025","status":"publish","type":"post","link":"https:\/\/agora.xtec.cat\/ceip-falba\/general\/torneig-descacs-i-dames-2025\/","title":{"rendered":"V TORNEIG D&#8217;ESCACS I DAMES 2025"},"content":{"rendered":"<p>Nens i nenes, fam\u00edles i mestres, i\u00a0 resta de la comunitat educativa.<\/p>\n<p>Ja ha arribat el V Torneig d&#8217;Escacs i Dames 2025 a l&#8217;escola. Aquest curs s&#8217;afegeix la classe de 3r a la<\/p>\n<p>Comunitat Gran (4t, 5\u00e8 i 6\u00e8).<\/p>\n<p>La passada setmana es va realitzar la primera fase de totes les categories. <a href=\"https:\/\/drive.google.com\/drive\/folders\/1H95qwjVTgdURmiZB-b_r0C5t8Z_C05ew?usp=sharing\">En aquest enlla\u00e7 podeu veure les fotos.<\/a><\/p>\n<p>I dem\u00e0 dimecres 11 de juny es far\u00e0n la resta d&#8217;eliminat\u00f2ries.<\/p>\n<p>Les categories son:<\/p>\n<table style=\"border-collapse: collapse; width: 100%;\">\n<tbody>\n<tr>\n<td style=\"width: 33.3333%;\"><\/td>\n<td style=\"width: 33.3333%;\">ESCACS<\/td>\n<td style=\"width: 33.3333%;\">DAMES<\/td>\n<\/tr>\n<tr>\n<td style=\"width: 33.3333%;\">3r i 4t<\/td>\n<td style=\"width: 33.3333%;\">Primer i segon premi<\/td>\n<td style=\"width: 33.3333%;\">Primer i segon premi<\/td>\n<\/tr>\n<tr>\n<td style=\"width: 33.3333%;\">5\u00e8 i 6\u00e8<\/td>\n<td style=\"width: 33.3333%;\">Primer i segon premi<\/td>\n<td style=\"width: 33.3333%;\">Primer i segon premi<\/td>\n<\/tr>\n<\/tbody>\n<\/table>\n<p>MOLTA SORT!<\/p>\n<p><img decoding=\"async\" src=\"https:\/\/agora.xtec.cat\/ceip-falba\/wp-content\/uploads\/usu658\/2025\/06\/IMG_9669.jpg\" \/><\/p>\n","protected":false},"excerpt":{"rendered":"<p>Nens i nenes, fam\u00edles i mestres, i\u00a0 resta de la comunitat educativa.<br \/>\nJa ha arribat el V Torneig d&#8217;Escacs i Dames 2025 a l&#8217;escola. Aquest curs s&#8217;afegeix la classe de 3r a la<br \/>\nComunitat Gran (4t, 5\u00e8 i 6\u00e8).<br \/>\nLa passada setmana es va realitzar la primera fase&hellip;  <a href=\"https:\/\/agora.xtec.cat\/ceip-falba\/general\/torneig-descacs-i-dames-2025\/\" title=\"Read V TORNEIG D&#8217;ESCACS I DAMES 2025\">Llegeix m\u00e9s\u00bb<\/a><\/p>\n","protected":false},"author":20,"featured_media":13124,"comment_status":"closed","ping_status":"open","sticky":false,"template":"","format":"standard","meta":{"_bbp_topic_count":0,"_bbp_reply_count":0,"_bbp_total_topic_count":0,"_bbp_total_reply_count":0,"_bbp_voice_count":0,"_bbp_anonymous_reply_count":0,"_bbp_topic_count_hidden":0,"_bbp_reply_count_hidden":0,"_bbp_forum_subforum_count":0,"footnotes":""},"categories":[12,211,15,445,442,513,1,480,4,5],"tags":[],"class_list":["post-13123","post","type-post","status-publish","format-standard","has-post-thumbnail","hentry","category-3r","category-4t","category-6e","category-comunitat-gran","category-comunitat-mitjana","category-curs-2024-25","category-general","category-matematiques","category-portada","category-primaria"],"post_mailing_queue_ids":[],"_links":{"self":[{"href":"https:\/\/agora.xtec.cat\/ceip-falba\/wp-json\/wp\/v2\/posts\/13123","targetHints":{"allow":["GET"]}}],"collection":[{"href":"https:\/\/agora.xtec.cat\/ceip-falba\/wp-json\/wp\/v2\/posts"}],"about":[{"href":"https:\/\/agora.xtec.cat\/ceip-falba\/wp-json\/wp\/v2\/types\/post"}],"author":[{"embeddable":true,"href":"https:\/\/agora.xtec.cat\/ceip-falba\/wp-json\/wp\/v2\/users\/20"}],"replies":[{"embeddable":true,"href":"https:\/\/agora.xtec.cat\/ceip-falba\/wp-json\/wp\/v2\/comments?post=13123"}],"version-history":[{"count":3,"href":"https:\/\/agora.xtec.cat\/ceip-falba\/wp-json\/wp\/v2\/posts\/13123\/revisions"}],"predecessor-version":[{"id":13197,"href":"https:\/\/agora.xtec.cat\/ceip-falba\/wp-json\/wp\/v2\/posts\/13123\/revisions\/13197"}],"wp:featuredmedia":[{"embeddable":true,"href":"https:\/\/agora.xtec.cat\/ceip-falba\/wp-json\/wp\/v2\/media\/13124"}],"wp:attachment":[{"href":"https:\/\/agora.xtec.cat\/ceip-falba\/wp-json\/wp\/v2\/media?parent=13123"}],"wp:term":[{"taxonomy":"category","embeddable":true,"href":"https:\/\/agora.xtec.cat\/ceip-falba\/wp-json\/wp\/v2\/categories?post=13123"},{"taxonomy":"post_tag","embeddable":true,"href":"https:\/\/agora.xtec.cat\/ceip-falba\/wp-json\/wp\/v2\/tags?post=13123"}],"curies":[{"name":"wp","href":"https:\/\/api.w.org\/{rel}","templated":true}]}}