{"id":13094,"date":"2025-05-28T23:32:35","date_gmt":"2025-05-28T21:32:35","guid":{"rendered":"https:\/\/agora.xtec.cat\/ceip-falba\/?p=13094"},"modified":"2025-05-28T23:32:35","modified_gmt":"2025-05-28T21:32:35","slug":"sortida-inoblidable-de-la-comunitat-gran-a-la-base-nautica-de-pineda-de-mar","status":"publish","type":"post","link":"https:\/\/agora.xtec.cat\/ceip-falba\/general\/sortida-inoblidable-de-la-comunitat-gran-a-la-base-nautica-de-pineda-de-mar\/","title":{"rendered":"Sortida Inoblidable de la Comunitat Gran a la Base N\u00e0utica de Pineda de Mar"},"content":{"rendered":"<p style=\"text-align: justify;\" data-start=\"100\" data-end=\"408\">Els infants de la Comunitat Gran han viscut una jornada plena d&#8217;emocions i aprenentatges a la Base N\u00e0utica de Pineda de Mar. Aquesta experi\u00e8ncia els ha perm\u00e8s<span style=\"font-family: inherit; font-size: 1em;\">\u00a0connectar amb el mar i descobrir el m\u00f3n de la navegaci\u00f3 d&#8217;una manera l\u00fadica i educativa.<\/span><\/p>\n<p style=\"text-align: justify;\" data-start=\"410\" data-end=\"561\"><span class=\"relative -mx-px my-[-0.2rem] rounded px-px py-[0.2rem] transition-colors duration-100 ease-in-out\">Durant la sortida, els nens i nenes han participat en diverses activitats adaptades a la seva edat, com ara el skate, la vela, el caiac, el body board i la banana bus.<\/span> <span class=\"relative -mx-px my-[-0.2rem] rounded px-px py-[0.2rem] transition-colors duration-100 ease-in-out\">Acompanyats per instructors i instructores titulats i amb una \u00e0mplia experi\u00e8ncia, han apr\u00e8s nocions b\u00e0siques de navegaci\u00f3, orientaci\u00f3 i seguretat al mar, tot fomentant valors com la cooperaci\u00f3, el respecte i el treball en equip.<\/span><\/p>\n<p style=\"text-align: justify;\" data-start=\"563\" data-end=\"722\"><span class=\"relative -mx-px my-[-0.2rem] rounded px-px py-[0.2rem] transition-colors duration-100 ease-in-out\">Aquesta jornada no nom\u00e9s ha estat una oportunitat per gaudir de l&#8217;esport i la natura, sin\u00f3 tamb\u00e9 per refor\u00e7ar els vincles entre infants i mestres en un entorn diferent i enriquidor.<\/span>\u00a0<span class=\"relative -mx-px my-[-0.2rem] rounded px-px py-[0.2rem] transition-colors duration-100 ease-in-out\">Sens dubte, ha estat una experi\u00e8ncia que recordarem amb il\u00b7lusi\u00f3 i que esperem poder repetir en futures ocasions.<\/span><\/p>\n<p style=\"text-align: justify;\" data-start=\"804\" data-end=\"994\"><i>Si voleu veure aquesta divertida experi\u00e8ncia cliqueu a l&#8217;enlla\u00e7 per veure les fotografies.<\/i><\/p>\n<p data-start=\"804\" data-end=\"994\"><a href=\"https:\/\/drive.google.com\/drive\/folders\/1SVEKaw6CARzaungXBtyXqbQtAX0til6y?usp=sharing\">Base N\u00e0utica de Pineda de Mar<\/a><\/p>\n","protected":false},"excerpt":{"rendered":"<p>Els infants de la Comunitat Gran han viscut una jornada plena d&#8217;emocions i aprenentatges a la Base N\u00e0utica de Pineda de Mar. Aquesta experi\u00e8ncia els ha perm\u00e8s\u00a0connectar amb el mar i descobrir el m\u00f3n de la navegaci\u00f3 d&#8217;una manera l\u00fadica i educativa.<br \/>\nDurant la sortida, els&hellip;  <a href=\"https:\/\/agora.xtec.cat\/ceip-falba\/general\/sortida-inoblidable-de-la-comunitat-gran-a-la-base-nautica-de-pineda-de-mar\/\" title=\"Read Sortida Inoblidable de la Comunitat Gran a la Base N\u00e0utica de Pineda de Mar\">Llegeix m\u00e9s\u00bb<\/a><\/p>\n","protected":false},"author":94,"featured_media":13095,"comment_status":"closed","ping_status":"closed","sticky":false,"template":"","format":"standard","meta":{"_bbp_topic_count":0,"_bbp_reply_count":0,"_bbp_total_topic_count":0,"_bbp_total_reply_count":0,"_bbp_voice_count":0,"_bbp_anonymous_reply_count":0,"_bbp_topic_count_hidden":0,"_bbp_reply_count_hidden":0,"_bbp_forum_subforum_count":0,"footnotes":""},"categories":[211,14,15,445,513,1,4,5,427],"tags":[],"class_list":["post-13094","post","type-post","status-publish","format-standard","has-post-thumbnail","hentry","category-4t","category-5e","category-6e","category-comunitat-gran","category-curs-2024-25","category-general","category-portada","category-primaria","category-sortida"],"post_mailing_queue_ids":[],"_links":{"self":[{"href":"https:\/\/agora.xtec.cat\/ceip-falba\/wp-json\/wp\/v2\/posts\/13094","targetHints":{"allow":["GET"]}}],"collection":[{"href":"https:\/\/agora.xtec.cat\/ceip-falba\/wp-json\/wp\/v2\/posts"}],"about":[{"href":"https:\/\/agora.xtec.cat\/ceip-falba\/wp-json\/wp\/v2\/types\/post"}],"author":[{"embeddable":true,"href":"https:\/\/agora.xtec.cat\/ceip-falba\/wp-json\/wp\/v2\/users\/94"}],"replies":[{"embeddable":true,"href":"https:\/\/agora.xtec.cat\/ceip-falba\/wp-json\/wp\/v2\/comments?post=13094"}],"version-history":[{"count":2,"href":"https:\/\/agora.xtec.cat\/ceip-falba\/wp-json\/wp\/v2\/posts\/13094\/revisions"}],"predecessor-version":[{"id":13097,"href":"https:\/\/agora.xtec.cat\/ceip-falba\/wp-json\/wp\/v2\/posts\/13094\/revisions\/13097"}],"wp:featuredmedia":[{"embeddable":true,"href":"https:\/\/agora.xtec.cat\/ceip-falba\/wp-json\/wp\/v2\/media\/13095"}],"wp:attachment":[{"href":"https:\/\/agora.xtec.cat\/ceip-falba\/wp-json\/wp\/v2\/media?parent=13094"}],"wp:term":[{"taxonomy":"category","embeddable":true,"href":"https:\/\/agora.xtec.cat\/ceip-falba\/wp-json\/wp\/v2\/categories?post=13094"},{"taxonomy":"post_tag","embeddable":true,"href":"https:\/\/agora.xtec.cat\/ceip-falba\/wp-json\/wp\/v2\/tags?post=13094"}],"curies":[{"name":"wp","href":"https:\/\/api.w.org\/{rel}","templated":true}]}}