{"id":13089,"date":"2025-05-24T18:19:58","date_gmt":"2025-05-24T16:19:58","guid":{"rendered":"https:\/\/agora.xtec.cat\/ceip-falba\/?p=13089"},"modified":"2025-05-24T18:19:58","modified_gmt":"2025-05-24T16:19:58","slug":"la-princesa-el-cavaller-i-el-drac-amic","status":"publish","type":"post","link":"https:\/\/agora.xtec.cat\/ceip-falba\/general\/la-princesa-el-cavaller-i-el-drac-amic\/","title":{"rendered":"La princesa, el cavaller i el drac amic."},"content":{"rendered":"<p>L&#8217;alumnat de 4t, per fi, ha pogut estrenar l&#8217;obra de teatre de Sant Jordi davant de companys i companyes, mestres i fam\u00edlies. Aquesta activitat \u00e9s el resultat d&#8217;un treball intens i il\u00b7lusionant que ha perm\u00e8s als i les alumnes desenvolupar habilitats com la lectura expressiva, la memoritzaci\u00f3, l&#8217;expressi\u00f3 corporal i la col\u00b7laboraci\u00f3 en equip.<\/p>\n<p>Des de fa setmanes, l&#8217;alumnat ha preparat l&#8217;obra amb gran entusiasme. Repartint els personatges, iniciant els assajos, primer amb el gui\u00f3 a la m\u00e0 i m\u00e9s endavant de mem\u00f2ria. Han treballat aspectes com la projecci\u00f3 de la veu, l&#8217;entonaci\u00f3, la comunicaci\u00f3 verbal i no verbal.<\/p>\n<p>El dia de la representaci\u00f3, els nervis han estat presents, per\u00f2 han demostrat una gran professionalitat i passi\u00f3 pel teatre. L&#8217;obra ha estat tot un \u00e8xit, i tant el p\u00fablic com els actors i les actrius han gaudit\u00a0 d&#8217;una experi\u00e8ncia inoblidable. La representaci\u00f3 ha sigut una versi\u00f3 original i divertida de la llegenda de Sant Jordi, adaptada pels mateixos infants i fruit de les converses compartides a l&#8217;aula.<\/p>\n<p>Desitgem que tothom hagi pogut gaudir tant com ells i elles. Si voleu veure un petit tastet, cliqueu a l&#8217;enlla\u00e7.<\/p>\n<p><a href=\"https:\/\/drive.google.com\/drive\/folders\/1SmJkkboS8nsMkK0MaFSochAqoAo9B18M?usp=sharing\">Teatre Sant Jordi<\/a><\/p>\n","protected":false},"excerpt":{"rendered":"<p>L&#8217;alumnat de 4t, per fi, ha pogut estrenar l&#8217;obra de teatre de Sant Jordi davant de companys i companyes, mestres i fam\u00edlies. Aquesta activitat \u00e9s el resultat d&#8217;un treball intens i il\u00b7lusionant que ha perm\u00e8s als i les alumnes desenvolupar habilitats com la lectura expressiva,&hellip;  <a href=\"https:\/\/agora.xtec.cat\/ceip-falba\/general\/la-princesa-el-cavaller-i-el-drac-amic\/\" title=\"Read La princesa, el cavaller i el drac amic.\">Llegeix m\u00e9s\u00bb<\/a><\/p>\n","protected":false},"author":94,"featured_media":13091,"comment_status":"closed","ping_status":"closed","sticky":false,"template":"","format":"standard","meta":{"_bbp_topic_count":0,"_bbp_reply_count":0,"_bbp_total_topic_count":0,"_bbp_total_reply_count":0,"_bbp_voice_count":0,"_bbp_anonymous_reply_count":0,"_bbp_topic_count_hidden":0,"_bbp_reply_count_hidden":0,"_bbp_forum_subforum_count":0,"footnotes":""},"categories":[211,445,513,1,4,5,546],"tags":[],"class_list":["post-13089","post","type-post","status-publish","format-standard","has-post-thumbnail","hentry","category-4t","category-comunitat-gran","category-curs-2024-25","category-general","category-portada","category-primaria","category-sant-jordi-ampa"],"post_mailing_queue_ids":[],"_links":{"self":[{"href":"https:\/\/agora.xtec.cat\/ceip-falba\/wp-json\/wp\/v2\/posts\/13089","targetHints":{"allow":["GET"]}}],"collection":[{"href":"https:\/\/agora.xtec.cat\/ceip-falba\/wp-json\/wp\/v2\/posts"}],"about":[{"href":"https:\/\/agora.xtec.cat\/ceip-falba\/wp-json\/wp\/v2\/types\/post"}],"author":[{"embeddable":true,"href":"https:\/\/agora.xtec.cat\/ceip-falba\/wp-json\/wp\/v2\/users\/94"}],"replies":[{"embeddable":true,"href":"https:\/\/agora.xtec.cat\/ceip-falba\/wp-json\/wp\/v2\/comments?post=13089"}],"version-history":[{"count":3,"href":"https:\/\/agora.xtec.cat\/ceip-falba\/wp-json\/wp\/v2\/posts\/13089\/revisions"}],"predecessor-version":[{"id":13093,"href":"https:\/\/agora.xtec.cat\/ceip-falba\/wp-json\/wp\/v2\/posts\/13089\/revisions\/13093"}],"wp:featuredmedia":[{"embeddable":true,"href":"https:\/\/agora.xtec.cat\/ceip-falba\/wp-json\/wp\/v2\/media\/13091"}],"wp:attachment":[{"href":"https:\/\/agora.xtec.cat\/ceip-falba\/wp-json\/wp\/v2\/media?parent=13089"}],"wp:term":[{"taxonomy":"category","embeddable":true,"href":"https:\/\/agora.xtec.cat\/ceip-falba\/wp-json\/wp\/v2\/categories?post=13089"},{"taxonomy":"post_tag","embeddable":true,"href":"https:\/\/agora.xtec.cat\/ceip-falba\/wp-json\/wp\/v2\/tags?post=13089"}],"curies":[{"name":"wp","href":"https:\/\/api.w.org\/{rel}","templated":true}]}}