{"id":13082,"date":"2025-05-21T12:16:29","date_gmt":"2025-05-21T10:16:29","guid":{"rendered":"https:\/\/agora.xtec.cat\/ceip-falba\/?p=13082"},"modified":"2025-05-21T12:16:29","modified_gmt":"2025-05-21T10:16:29","slug":"jugar-per-protegir-el-bosc-lescape-room-de-cinque-amb-ladf","status":"publish","type":"post","link":"https:\/\/agora.xtec.cat\/ceip-falba\/general\/jugar-per-protegir-el-bosc-lescape-room-de-cinque-amb-ladf\/","title":{"rendered":"Jugar per protegir el bosc: l\u2019escape room de cinqu\u00e8 amb l\u2019ADF"},"content":{"rendered":"<p><span style=\"font-weight: 400;\">L\u2019alumnat de cinqu\u00e8 ha participat en una activitat molt especial i diferent: un <\/span><i><span style=\"font-weight: 400;\">Escape Room<\/span><\/i><span style=\"font-weight: 400;\"> educatiu anomenat <\/span><b>\u201cEls pirates del bosc\u201d<\/b><span style=\"font-weight: 400;\">, organitzat per l\u2019<\/span><b>Agrupaci\u00f3 de Defensa Forestal (ADF) de Terrassa<\/b><span style=\"font-weight: 400;\">. Aquesta entitat t\u00e9 com a principal objectiu la <\/span><b>prevenci\u00f3 i lluita contra els incendis forestals<\/b><span style=\"font-weight: 400;\">, i mitjan\u00e7ant aquesta proposta l\u00fadica i formativa, ha volgut conscienciar els nens i nenes sobre la import\u00e0ncia de protegir els nostres boscos.<\/span><\/p>\n<p><span style=\"font-weight: 400;\">L\u2019activitat va transformar l\u2019aula en un aut\u00e8ntic escenari ple d\u2019enigmes, pistes i proves cooperatives. Els alumnes es van convertir en aut\u00e8ntics detectius ambientals i, per equips, van haver de resoldre diferents reptes relacionats amb la cura del medi ambient, el comportament responsable al bosc i la prevenci\u00f3 d\u2019incendis.<\/span><\/p>\n<p><span style=\"font-weight: 400;\">Amb molta emoci\u00f3 i treball en equip, van anar desxifrant missatges, obrint cofres i superant obstacles fins a descobrir el gran tresor dels <\/span><b>pirates del bosc.<\/b><\/p>\n<p><span style=\"font-weight: 400;\">A trav\u00e9s del joc, els alumnes van aprendre conceptes claus sobre com prevenir incendis, quins s\u00f3n els riscos m\u00e9s habituals i quina \u00e9s la tasca que realitzen les agrupacions com l\u2019ADF en el nostre entorn. Va ser una experi\u00e8ncia divertida, educativa i molt motivadora per a tothom.<\/span><\/p>\n<p><span style=\"font-weight: 400;\">Des de l\u2019escola volem agrair a l\u2019<\/span><b>ADF de Terrassa<\/b><span style=\"font-weight: 400;\"> la seva implicaci\u00f3 i dedicaci\u00f3. Activitats com aquesta no nom\u00e9s ens fan aprendre, sin\u00f3 que tamb\u00e9 ens ajuden a cr\u00e9ixer com a ciutadans responsables i compromesos amb el planeta.<\/span><\/p>\n<p><span style=\"font-weight: 400;\">Gr\u00e0cies per ensenyar-nos a cuidar els boscos&#8230; jugant!<\/span><\/p>\n\n\t\t<style type=\"text\/css\">\n\t\t\t#gallery-1 {\n\t\t\t\tmargin: auto;\n\t\t\t}\n\t\t\t#gallery-1 .gallery-item {\n\t\t\t\tfloat: left;\n\t\t\t\tmargin-top: 10px;\n\t\t\t\ttext-align: center;\n\t\t\t\twidth: 25%;\n\t\t\t}\n\t\t\t#gallery-1 img {\n\t\t\t\tborder: 2px solid #cfcfcf;\n\t\t\t}\n\t\t\t#gallery-1 .gallery-caption {\n\t\t\t\tmargin-left: 0;\n\t\t\t}\n\t\t\t\/* see gallery_shortcode() in wp-includes\/media.php *\/\n\t\t<\/style>\n\t\t<div id='gallery-1' class='gallery galleryid-13082 gallery-columns-4 gallery-size-thumbnail'><dl class='gallery-item'>\n\t\t\t<dt class='gallery-icon portrait'>\n\t\t\t\t<a href='https:\/\/agora.xtec.cat\/ceip-falba\/general\/jugar-per-protegir-el-bosc-lescape-room-de-cinque-amb-ladf\/attachment\/img_1340\/'><img loading=\"lazy\" decoding=\"async\" width=\"150\" height=\"150\" src=\"https:\/\/agora.xtec.cat\/ceip-falba\/wp-content\/uploads\/usu658\/2025\/05\/IMG_1340-150x150.jpg\" class=\"attachment-thumbnail size-thumbnail\" alt=\"\" \/><\/a>\n\t\t\t<\/dt><\/dl><dl class='gallery-item'>\n\t\t\t<dt class='gallery-icon portrait'>\n\t\t\t\t<a href='https:\/\/agora.xtec.cat\/ceip-falba\/general\/jugar-per-protegir-el-bosc-lescape-room-de-cinque-amb-ladf\/attachment\/img_1338\/'><img loading=\"lazy\" decoding=\"async\" width=\"150\" height=\"150\" src=\"https:\/\/agora.xtec.cat\/ceip-falba\/wp-content\/uploads\/usu658\/2025\/05\/IMG_1338-150x150.jpg\" class=\"attachment-thumbnail size-thumbnail\" alt=\"\" \/><\/a>\n\t\t\t<\/dt><\/dl><dl class='gallery-item'>\n\t\t\t<dt class='gallery-icon portrait'>\n\t\t\t\t<a href='https:\/\/agora.xtec.cat\/ceip-falba\/general\/jugar-per-protegir-el-bosc-lescape-room-de-cinque-amb-ladf\/attachment\/img_1339\/'><img loading=\"lazy\" decoding=\"async\" width=\"150\" height=\"150\" src=\"https:\/\/agora.xtec.cat\/ceip-falba\/wp-content\/uploads\/usu658\/2025\/05\/IMG_1339-150x150.jpg\" class=\"attachment-thumbnail size-thumbnail\" alt=\"\" \/><\/a>\n\t\t\t<\/dt><\/dl><dl class='gallery-item'>\n\t\t\t<dt class='gallery-icon portrait'>\n\t\t\t\t<a href='https:\/\/agora.xtec.cat\/ceip-falba\/general\/jugar-per-protegir-el-bosc-lescape-room-de-cinque-amb-ladf\/attachment\/img_1337\/'><img loading=\"lazy\" decoding=\"async\" width=\"150\" height=\"150\" src=\"https:\/\/agora.xtec.cat\/ceip-falba\/wp-content\/uploads\/usu658\/2025\/05\/IMG_1337-150x150.jpg\" class=\"attachment-thumbnail size-thumbnail\" alt=\"\" \/><\/a>\n\t\t\t<\/dt><\/dl><br style=\"clear: both\" \/>\n\t\t<\/div>\n\n","protected":false},"excerpt":{"rendered":"<p>L\u2019alumnat de cinqu\u00e8 ha participat en una activitat molt especial i diferent: un Escape Room educatiu anomenat \u201cEls pirates del bosc\u201d, organitzat per l\u2019Agrupaci\u00f3 de Defensa Forestal (ADF) de Terrassa.&hellip;  <a href=\"https:\/\/agora.xtec.cat\/ceip-falba\/general\/jugar-per-protegir-el-bosc-lescape-room-de-cinque-amb-ladf\/\" title=\"Read Jugar per protegir el bosc: l\u2019escape room de cinqu\u00e8 amb l\u2019ADF\">Llegeix m\u00e9s\u00bb<\/a><\/p>\n","protected":false},"author":1,"featured_media":13085,"comment_status":"closed","ping_status":"closed","sticky":false,"template":"","format":"standard","meta":{"_bbp_topic_count":0,"_bbp_reply_count":0,"_bbp_total_topic_count":0,"_bbp_total_reply_count":0,"_bbp_voice_count":0,"_bbp_anonymous_reply_count":0,"_bbp_topic_count_hidden":0,"_bbp_reply_count_hidden":0,"_bbp_forum_subforum_count":0,"footnotes":""},"categories":[14,445,513,1,4,5,272],"tags":[235,556,369,557,561,558,560,559],"class_list":["post-13082","post","type-post","status-publish","format-standard","has-post-thumbnail","hentry","category-5e","category-comunitat-gran","category-curs-2024-25","category-general","category-portada","category-primaria","category-sostenibilitat-planeta","tag-escaperoom","tag-adf","tag-cuidemelbosc","tag-incendis","tag-pirates","tag-protegir","tag-tresors","tag-voluntaris"],"post_mailing_queue_ids":[],"_links":{"self":[{"href":"https:\/\/agora.xtec.cat\/ceip-falba\/wp-json\/wp\/v2\/posts\/13082","targetHints":{"allow":["GET"]}}],"collection":[{"href":"https:\/\/agora.xtec.cat\/ceip-falba\/wp-json\/wp\/v2\/posts"}],"about":[{"href":"https:\/\/agora.xtec.cat\/ceip-falba\/wp-json\/wp\/v2\/types\/post"}],"author":[{"embeddable":true,"href":"https:\/\/agora.xtec.cat\/ceip-falba\/wp-json\/wp\/v2\/users\/1"}],"replies":[{"embeddable":true,"href":"https:\/\/agora.xtec.cat\/ceip-falba\/wp-json\/wp\/v2\/comments?post=13082"}],"version-history":[{"count":1,"href":"https:\/\/agora.xtec.cat\/ceip-falba\/wp-json\/wp\/v2\/posts\/13082\/revisions"}],"predecessor-version":[{"id":13088,"href":"https:\/\/agora.xtec.cat\/ceip-falba\/wp-json\/wp\/v2\/posts\/13082\/revisions\/13088"}],"wp:featuredmedia":[{"embeddable":true,"href":"https:\/\/agora.xtec.cat\/ceip-falba\/wp-json\/wp\/v2\/media\/13085"}],"wp:attachment":[{"href":"https:\/\/agora.xtec.cat\/ceip-falba\/wp-json\/wp\/v2\/media?parent=13082"}],"wp:term":[{"taxonomy":"category","embeddable":true,"href":"https:\/\/agora.xtec.cat\/ceip-falba\/wp-json\/wp\/v2\/categories?post=13082"},{"taxonomy":"post_tag","embeddable":true,"href":"https:\/\/agora.xtec.cat\/ceip-falba\/wp-json\/wp\/v2\/tags?post=13082"}],"curies":[{"name":"wp","href":"https:\/\/api.w.org\/{rel}","templated":true}]}}