{"id":13074,"date":"2025-05-16T16:44:35","date_gmt":"2025-05-16T14:44:35","guid":{"rendered":"https:\/\/agora.xtec.cat\/ceip-falba\/?p=13074"},"modified":"2025-05-16T16:48:28","modified_gmt":"2025-05-16T14:48:28","slug":"una-activitat-dalcada-6e-va-a-lescalada","status":"publish","type":"post","link":"https:\/\/agora.xtec.cat\/ceip-falba\/general\/una-activitat-dalcada-6e-va-a-lescalada\/","title":{"rendered":"Una activitat d&#8217;al\u00e7ada! 6\u00e8 va a l&#8217;escalada!"},"content":{"rendered":"<p>\ud83e\uddd7\u200d\u2640\ufe0f Dijous 15 de maig, l\u2019alumnat de 6\u00e8 va participar en un taller d\u2019escalada dins el programa de Promocions Esportives, dinamitzat pel Consell Esportiu del Vall\u00e8s Occidental (PCEE).<\/p>\n<p>Una activitat que va anar molt m\u00e9s enll\u00e0 del repte f\u00edsic: van treballar la confian\u00e7a, la concentraci\u00f3, la coordinaci\u00f3, i sobretot, l\u2019esfor\u00e7 personal i la superaci\u00f3. L\u2019escalada ajuda a guanyar for\u00e7a, equilibri i seguretat, mentre fomenta el treball en equip i la gesti\u00f3 emocional davant els obstacles.<\/p>\n<p><span style=\"font-weight: 400;\">Una experi\u00e8ncia completa, divertida i molt enriquidora! \ud83d\udcaa\ud83e\udde0\ud83d\udca5<\/span><\/p>\n<p><iframe loading=\"lazy\" src=\"\/\/www.youtube.com\/embed\/Gm-YSeysI8w\" width=\"560\" height=\"314\" allowfullscreen=\"allowfullscreen\"><\/iframe><\/p>\n","protected":false},"excerpt":{"rendered":"<p>\u00a0\ud83e\uddd7\u200d\u2640\ufe0f Dijous 15 de maig, l\u2019alumnat de 6\u00e8 va participar en un taller d\u2019escalada dins el programa de Promocions Esportives, dinamitzat pel Consell Esportiu del Vall\u00e8s Occidental.&hellip;  <a href=\"https:\/\/agora.xtec.cat\/ceip-falba\/general\/una-activitat-dalcada-6e-va-a-lescalada\/\" title=\"Read Una activitat d&#8217;al\u00e7ada! 6\u00e8 va a l&#8217;escalada!\">Llegeix m\u00e9s\u00bb<\/a><\/p>\n","protected":false},"author":72,"featured_media":13077,"comment_status":"closed","ping_status":"closed","sticky":false,"template":"","format":"standard","meta":{"_bbp_topic_count":0,"_bbp_reply_count":0,"_bbp_total_topic_count":0,"_bbp_total_reply_count":0,"_bbp_voice_count":0,"_bbp_anonymous_reply_count":0,"_bbp_topic_count_hidden":0,"_bbp_reply_count_hidden":0,"_bbp_forum_subforum_count":0,"footnotes":""},"categories":[15,445,513,33,476,1,4,5],"tags":[222,520,478,219,438],"class_list":["post-13074","post","type-post","status-publish","format-standard","has-post-thumbnail","hentry","category-6e","category-comunitat-gran","category-curs-2024-25","category-ed-fisica","category-educacio-fisica","category-general","category-portada","category-primaria","tag-6e","tag-ed-fisica","tag-escalada","tag-esport","tag-pcee"],"post_mailing_queue_ids":[],"_links":{"self":[{"href":"https:\/\/agora.xtec.cat\/ceip-falba\/wp-json\/wp\/v2\/posts\/13074","targetHints":{"allow":["GET"]}}],"collection":[{"href":"https:\/\/agora.xtec.cat\/ceip-falba\/wp-json\/wp\/v2\/posts"}],"about":[{"href":"https:\/\/agora.xtec.cat\/ceip-falba\/wp-json\/wp\/v2\/types\/post"}],"author":[{"embeddable":true,"href":"https:\/\/agora.xtec.cat\/ceip-falba\/wp-json\/wp\/v2\/users\/72"}],"replies":[{"embeddable":true,"href":"https:\/\/agora.xtec.cat\/ceip-falba\/wp-json\/wp\/v2\/comments?post=13074"}],"version-history":[{"count":4,"href":"https:\/\/agora.xtec.cat\/ceip-falba\/wp-json\/wp\/v2\/posts\/13074\/revisions"}],"predecessor-version":[{"id":13080,"href":"https:\/\/agora.xtec.cat\/ceip-falba\/wp-json\/wp\/v2\/posts\/13074\/revisions\/13080"}],"wp:featuredmedia":[{"embeddable":true,"href":"https:\/\/agora.xtec.cat\/ceip-falba\/wp-json\/wp\/v2\/media\/13077"}],"wp:attachment":[{"href":"https:\/\/agora.xtec.cat\/ceip-falba\/wp-json\/wp\/v2\/media?parent=13074"}],"wp:term":[{"taxonomy":"category","embeddable":true,"href":"https:\/\/agora.xtec.cat\/ceip-falba\/wp-json\/wp\/v2\/categories?post=13074"},{"taxonomy":"post_tag","embeddable":true,"href":"https:\/\/agora.xtec.cat\/ceip-falba\/wp-json\/wp\/v2\/tags?post=13074"}],"curies":[{"name":"wp","href":"https:\/\/api.w.org\/{rel}","templated":true}]}}