{"id":13069,"date":"2025-05-12T17:00:04","date_gmt":"2025-05-12T15:00:04","guid":{"rendered":"https:\/\/agora.xtec.cat\/ceip-falba\/?p=13069"},"modified":"2025-05-13T16:38:47","modified_gmt":"2025-05-13T14:38:47","slug":"cp-juguem-amb-la-poesia","status":"publish","type":"post","link":"https:\/\/agora.xtec.cat\/ceip-falba\/infantil\/cp-juguem-amb-la-poesia\/","title":{"rendered":"CP- JUGUEM AMB LA POESIA."},"content":{"rendered":"<p><em>12 DE MAIG DE 2025<\/em><\/p>\n<p>Avui la Rosa Fit\u00e9, com cada any, ens ha vingut a visitar-nos per tal d&#8217;apropar la poesia a les aules.<\/p>\n<p>Primerament, al grup d&#8217;I3 ens ha donat diferents maneres d\u2019expressar-nos a trav\u00e9s dels contes. Contes amb un suport visual, amb can\u00e7\u00f3 incorporada i, perqu\u00e8 no, jugar a endevinalles. Ens hem fet amic\/es d\u2019una granoteta que tenia moltes ganes de ensenyar-nos els seus tresors, del Tomeu i la seva granja que t\u00e9 un gran problema i necessitava de la nostre ajuda\u2026<\/p>\n<p>Seguidament, els grups I4 i I5, han pogut con\u00e8ixer la poesia de Miquel Mart\u00ed i Pol i hem jugat amb les paraules. Com sonen? Busquem rimes?<\/p>\n<p>Ha estat molt divertit jugar amb la poesia i amb les paraules. Moltes gr\u00e0cies Rosa! \ud83d\ude0d<\/p>\n<p><a href=\"https:\/\/drive.google.com\/drive\/folders\/1-otvvN0Ju_RvCRA4hBSk04Q6aiN0UcQ0?usp=sharing\">Aqu\u00ed teniu les <strong>fotos<\/strong> de la sessi\u00f3.<\/a><\/p>\n<p>&nbsp;<\/p>\n","protected":false},"excerpt":{"rendered":"<p>12 DE MAIG DE 2025<br \/>\nAvui la Rosa Fit\u00e9, com cada any, ens ha vingut a visitar-nos per tal d&#8217;apropar la poesia a les aules.<br \/>\nPrimerament, al grup d&#8217;I3 ens ha donat diferents maneres d\u2019expressar-nos a trav\u00e9s dels contes. Contes amb un suport visual, amb can\u00e7\u00f3 incorporada&hellip;  <a href=\"https:\/\/agora.xtec.cat\/ceip-falba\/infantil\/cp-juguem-amb-la-poesia\/\" title=\"Read CP- JUGUEM AMB LA POESIA.\">Llegeix m\u00e9s\u00bb<\/a><\/p>\n","protected":false},"author":71,"featured_media":13070,"comment_status":"closed","ping_status":"closed","sticky":false,"template":"","format":"standard","meta":{"_bbp_topic_count":0,"_bbp_reply_count":0,"_bbp_total_topic_count":0,"_bbp_total_reply_count":0,"_bbp_voice_count":0,"_bbp_anonymous_reply_count":0,"_bbp_topic_count_hidden":0,"_bbp_reply_count_hidden":0,"_bbp_forum_subforum_count":0,"footnotes":""},"categories":[490,3,8,9,2,4],"tags":[],"class_list":["post-13069","post","type-post","status-publish","format-standard","has-post-thumbnail","hentry","category-curs-2023-24","category-p3","category-p4","category-p5","category-infantil","category-portada"],"post_mailing_queue_ids":[],"_links":{"self":[{"href":"https:\/\/agora.xtec.cat\/ceip-falba\/wp-json\/wp\/v2\/posts\/13069","targetHints":{"allow":["GET"]}}],"collection":[{"href":"https:\/\/agora.xtec.cat\/ceip-falba\/wp-json\/wp\/v2\/posts"}],"about":[{"href":"https:\/\/agora.xtec.cat\/ceip-falba\/wp-json\/wp\/v2\/types\/post"}],"author":[{"embeddable":true,"href":"https:\/\/agora.xtec.cat\/ceip-falba\/wp-json\/wp\/v2\/users\/71"}],"replies":[{"embeddable":true,"href":"https:\/\/agora.xtec.cat\/ceip-falba\/wp-json\/wp\/v2\/comments?post=13069"}],"version-history":[{"count":1,"href":"https:\/\/agora.xtec.cat\/ceip-falba\/wp-json\/wp\/v2\/posts\/13069\/revisions"}],"predecessor-version":[{"id":13071,"href":"https:\/\/agora.xtec.cat\/ceip-falba\/wp-json\/wp\/v2\/posts\/13069\/revisions\/13071"}],"wp:featuredmedia":[{"embeddable":true,"href":"https:\/\/agora.xtec.cat\/ceip-falba\/wp-json\/wp\/v2\/media\/13070"}],"wp:attachment":[{"href":"https:\/\/agora.xtec.cat\/ceip-falba\/wp-json\/wp\/v2\/media?parent=13069"}],"wp:term":[{"taxonomy":"category","embeddable":true,"href":"https:\/\/agora.xtec.cat\/ceip-falba\/wp-json\/wp\/v2\/categories?post=13069"},{"taxonomy":"post_tag","embeddable":true,"href":"https:\/\/agora.xtec.cat\/ceip-falba\/wp-json\/wp\/v2\/tags?post=13069"}],"curies":[{"name":"wp","href":"https:\/\/api.w.org\/{rel}","templated":true}]}}