{"id":13063,"date":"2025-05-07T20:13:38","date_gmt":"2025-05-07T18:13:38","guid":{"rendered":"https:\/\/agora.xtec.cat\/ceip-falba\/?p=13063"},"modified":"2025-05-07T20:13:38","modified_gmt":"2025-05-07T18:13:38","slug":"joan-brossa-poesia-absoluta","status":"publish","type":"post","link":"https:\/\/agora.xtec.cat\/ceip-falba\/general\/joan-brossa-poesia-absoluta\/","title":{"rendered":"JOAN BROSSA. Poesia absoluta."},"content":{"rendered":"<p style=\"text-align: justify;\">L&#8217;alumnat de 4t i 6\u00e8 ha anat a la Factoria Cultural a veure una <span lang=\"CA\" xml:lang=\"CA\" data-contrast=\"auto\">selecci\u00f3 representativa de la producci\u00f3 visual de Joan Brossa, un dels artistes m\u00e9s representatius del segle XX.<\/span><\/p>\n<p style=\"text-align: justify;\">L\u2019exposici\u00f3 Poesia absoluta est\u00e0 formada per noranta obres po\u00e8tiques. La mostra, que tamb\u00e9 fa una petita aproximaci\u00f3 a l\u2019obra liter\u00e0ria de Brossa, \u00e9s una selecci\u00f3 representativa de la producci\u00f3 visual amb poemes objectes, cartells i peces emblem\u00e0tiques.<\/p>\n<p style=\"text-align: justify;\">Durant la visita els nens i nenes han gaudit de les explicacions i han participat, en tot moment, de les converses tan interessants que s&#8217;han produ\u00eft observant i interpretant les diferents obres. Despr\u00e9s, s&#8217;han convertit en artistes i han pogut fer el seu poema visual partint d&#8217;una lletra, tema que Brossa va fer servir en moltes de les seves obres.<\/p>\n<p style=\"text-align: justify;\">Si voleu veure un petit tastet de la visita i el taller, podeu clicar l&#8217;enlla\u00e7.\u00a0<a href=\"https:\/\/drive.google.com\/drive\/folders\/1krHAqKy6St5UtB0VqpmCm33Ry7Qjkh41?usp=sharing\">Poesia absoluta. Joan Brossa<\/a><\/p>\n","protected":false},"excerpt":{"rendered":"<p>L&#8217;alumnat de 4t i 6\u00e8 ha anat a la Factoria Cultural a veure una selecci\u00f3 representativa de la producci\u00f3 visual de Joan Brossa, un dels artistes m\u00e9s representatius del segle XX.<br \/>\nL\u2019exposici\u00f3 Poesia absoluta est\u00e0 formada per noranta obres po\u00e8tiques. La mostra, que tamb\u00e9 fa una&hellip;  <a href=\"https:\/\/agora.xtec.cat\/ceip-falba\/general\/joan-brossa-poesia-absoluta\/\" title=\"Read JOAN BROSSA. Poesia absoluta.\">Llegeix m\u00e9s\u00bb<\/a><\/p>\n","protected":false},"author":94,"featured_media":13064,"comment_status":"closed","ping_status":"closed","sticky":false,"template":"","format":"standard","meta":{"_bbp_topic_count":0,"_bbp_reply_count":0,"_bbp_total_topic_count":0,"_bbp_total_reply_count":0,"_bbp_voice_count":0,"_bbp_anonymous_reply_count":0,"_bbp_topic_count_hidden":0,"_bbp_reply_count_hidden":0,"_bbp_forum_subforum_count":0,"footnotes":""},"categories":[211,15,527,445,513,1,4,5,427],"tags":[],"class_list":["post-13063","post","type-post","status-publish","format-standard","has-post-thumbnail","hentry","category-4t","category-6e","category-art","category-comunitat-gran","category-curs-2024-25","category-general","category-portada","category-primaria","category-sortida"],"post_mailing_queue_ids":[],"_links":{"self":[{"href":"https:\/\/agora.xtec.cat\/ceip-falba\/wp-json\/wp\/v2\/posts\/13063","targetHints":{"allow":["GET"]}}],"collection":[{"href":"https:\/\/agora.xtec.cat\/ceip-falba\/wp-json\/wp\/v2\/posts"}],"about":[{"href":"https:\/\/agora.xtec.cat\/ceip-falba\/wp-json\/wp\/v2\/types\/post"}],"author":[{"embeddable":true,"href":"https:\/\/agora.xtec.cat\/ceip-falba\/wp-json\/wp\/v2\/users\/94"}],"replies":[{"embeddable":true,"href":"https:\/\/agora.xtec.cat\/ceip-falba\/wp-json\/wp\/v2\/comments?post=13063"}],"version-history":[{"count":3,"href":"https:\/\/agora.xtec.cat\/ceip-falba\/wp-json\/wp\/v2\/posts\/13063\/revisions"}],"predecessor-version":[{"id":13067,"href":"https:\/\/agora.xtec.cat\/ceip-falba\/wp-json\/wp\/v2\/posts\/13063\/revisions\/13067"}],"wp:featuredmedia":[{"embeddable":true,"href":"https:\/\/agora.xtec.cat\/ceip-falba\/wp-json\/wp\/v2\/media\/13064"}],"wp:attachment":[{"href":"https:\/\/agora.xtec.cat\/ceip-falba\/wp-json\/wp\/v2\/media?parent=13063"}],"wp:term":[{"taxonomy":"category","embeddable":true,"href":"https:\/\/agora.xtec.cat\/ceip-falba\/wp-json\/wp\/v2\/categories?post=13063"},{"taxonomy":"post_tag","embeddable":true,"href":"https:\/\/agora.xtec.cat\/ceip-falba\/wp-json\/wp\/v2\/tags?post=13063"}],"curies":[{"name":"wp","href":"https:\/\/api.w.org\/{rel}","templated":true}]}}