{"id":13054,"date":"2025-04-29T16:11:26","date_gmt":"2025-04-29T14:11:26","guid":{"rendered":"https:\/\/agora.xtec.cat\/ceip-falba\/?p=13054"},"modified":"2025-04-29T16:18:12","modified_gmt":"2025-04-29T14:18:12","slug":"font-de-noticies-no-810","status":"publish","type":"post","link":"https:\/\/agora.xtec.cat\/ceip-falba\/portada\/font-de-noticies-no-810\/","title":{"rendered":"Font de Not\u00edcies n\u00ba 810"},"content":{"rendered":"<p>Aquesta setmana el Font de Not\u00edcies us informa del berenar de primavera organitzat per l&#8217;AFA, de les dates de les proves diagn\u00f2stiques de 4t i de 6\u00e8, de la sol\u00b7licitud dels ajuts per al menjador, de les activitats de Sant Jordi i dels dies que l&#8217;escola romandr\u00e0 tancada al llarg d&#8217;aquest megapont.<\/p>\n<p><a href=\"https:\/\/drive.google.com\/file\/d\/1QTgAn3mHzB9a8nLIGbl1ucLK-CNq7kr1\/view?usp=sharing\"><img loading=\"lazy\" decoding=\"async\" class=\"aligncenter wp-image-13056 \" src=\"https:\/\/agora.xtec.cat\/ceip-falba\/wp-content\/uploads\/usu658\/2025\/04\/b7dcad87-2c78-4744-8d87-cc088ef9dbed-726x1024.jpeg\" alt=\"\" width=\"412\" height=\"581\" \/><\/a><\/p>\n","protected":false},"excerpt":{"rendered":"<p>Aquesta setmana el Font de Not\u00edcies us informa del berenar de primavera organitzat per l&#8217;AFA, de les dates de les proves diagn\u00f2stiques de 4t i de 6\u00e8, de la sol\u00b7licitud dels ajuts per al menjador, de les activitats de Sant Jordi i dels dies que&hellip;  <a href=\"https:\/\/agora.xtec.cat\/ceip-falba\/portada\/font-de-noticies-no-810\/\" title=\"Read Font de Not\u00edcies n\u00ba 810\">Llegeix m\u00e9s\u00bb<\/a><\/p>\n","protected":false},"author":1,"featured_media":13056,"comment_status":"closed","ping_status":"closed","sticky":false,"template":"","format":"standard","meta":{"_bbp_topic_count":0,"_bbp_reply_count":0,"_bbp_total_topic_count":0,"_bbp_total_reply_count":0,"_bbp_voice_count":0,"_bbp_anonymous_reply_count":0,"_bbp_topic_count_hidden":0,"_bbp_reply_count_hidden":0,"_bbp_forum_subforum_count":0,"footnotes":""},"categories":[7,464,513,35,49,121,4,546],"tags":[],"class_list":["post-13054","post","type-post","status-publish","format-standard","has-post-thumbnail","hentry","category-ampa","category-cantania","category-curs-2024-25","category-festes","category-font-de-noticies","category-menjador","category-portada","category-sant-jordi-ampa"],"post_mailing_queue_ids":[],"_links":{"self":[{"href":"https:\/\/agora.xtec.cat\/ceip-falba\/wp-json\/wp\/v2\/posts\/13054","targetHints":{"allow":["GET"]}}],"collection":[{"href":"https:\/\/agora.xtec.cat\/ceip-falba\/wp-json\/wp\/v2\/posts"}],"about":[{"href":"https:\/\/agora.xtec.cat\/ceip-falba\/wp-json\/wp\/v2\/types\/post"}],"author":[{"embeddable":true,"href":"https:\/\/agora.xtec.cat\/ceip-falba\/wp-json\/wp\/v2\/users\/1"}],"replies":[{"embeddable":true,"href":"https:\/\/agora.xtec.cat\/ceip-falba\/wp-json\/wp\/v2\/comments?post=13054"}],"version-history":[{"count":2,"href":"https:\/\/agora.xtec.cat\/ceip-falba\/wp-json\/wp\/v2\/posts\/13054\/revisions"}],"predecessor-version":[{"id":13058,"href":"https:\/\/agora.xtec.cat\/ceip-falba\/wp-json\/wp\/v2\/posts\/13054\/revisions\/13058"}],"wp:featuredmedia":[{"embeddable":true,"href":"https:\/\/agora.xtec.cat\/ceip-falba\/wp-json\/wp\/v2\/media\/13056"}],"wp:attachment":[{"href":"https:\/\/agora.xtec.cat\/ceip-falba\/wp-json\/wp\/v2\/media?parent=13054"}],"wp:term":[{"taxonomy":"category","embeddable":true,"href":"https:\/\/agora.xtec.cat\/ceip-falba\/wp-json\/wp\/v2\/categories?post=13054"},{"taxonomy":"post_tag","embeddable":true,"href":"https:\/\/agora.xtec.cat\/ceip-falba\/wp-json\/wp\/v2\/tags?post=13054"}],"curies":[{"name":"wp","href":"https:\/\/api.w.org\/{rel}","templated":true}]}}