{"id":13052,"date":"2025-04-29T16:06:28","date_gmt":"2025-04-29T14:06:28","guid":{"rendered":"https:\/\/agora.xtec.cat\/ceip-falba\/?p=13052"},"modified":"2025-04-29T16:06:28","modified_gmt":"2025-04-29T14:06:28","slug":"gota-a-gota-canviem-el-mon","status":"publish","type":"post","link":"https:\/\/agora.xtec.cat\/ceip-falba\/general\/gota-a-gota-canviem-el-mon\/","title":{"rendered":"Gota a gota, canviem el m\u00f3n"},"content":{"rendered":"<p><span style=\"font-weight: 400;\">L\u2019alumnat de cinqu\u00e8 ha estat immers en un projecte que va molt m\u00e9s enll\u00e0 de les parets de l\u2019aula. Inspirats per l\u2019<\/span><b>Objectiu de Desenvolupament Sostenible n\u00famero 6: Aigua neta i sanejament<\/b><span style=\"font-weight: 400;\">, han posat la creativitat i el comprom\u00eds al servei d\u2019una causa essencial: <\/span><b>tenir cura de l\u2019aigua<\/b><span style=\"font-weight: 400;\">.<\/span><\/p>\n<p><span style=\"font-weight: 400;\">Conscients que cada petita acci\u00f3 compta, han decidit comen\u00e7ar per l\u2019escola: <\/span><b>han renovat els cartells dels lavabos del centre<\/b><span style=\"font-weight: 400;\"> amb missatges que ens conviden a <\/span><b>no malgastar aigua<\/b><span style=\"font-weight: 400;\"> i a ser-ne conscients cada vegada que en fem \u00fas.<\/span><\/p>\n<p><span style=\"font-weight: 400;\">A m\u00e9s, han creat unes <\/span><b>infografies molt visuals i informatives<\/b><span style=\"font-weight: 400;\"> on comparteixen <\/span><b>consells per estalviar aigua<\/b><span style=\"font-weight: 400;\"> en el nostre dia a dia, tant a l\u2019escola com a casa. Aquestes infografies s\u2019han penjat per diferents espais del centre per arribar al m\u00e0xim de persones possibles.<\/span><\/p>\n<p><span style=\"font-weight: 400;\">I com a colof\u00f3 del projecte, l\u2019alumnat ha produ\u00eft un <\/span><b>petit v\u00eddeo resum<\/b><span style=\"font-weight: 400;\"> on expliquen tot el proc\u00e9s i ens conviden a sumar-nos a aquest comprom\u00eds amb el planeta.<\/span><\/p>\n<p><span style=\"font-weight: 400;\">Amb aquest projecte, els nens i nenes de cinqu\u00e8 ens recorden que <\/span><b>l\u2019aigua \u00e9s un tresor<\/b><span style=\"font-weight: 400;\"> i que cal cuidar-la amb responsabilitat.<\/span><\/p>\n<p><iframe loading=\"lazy\" src=\"\/\/www.youtube.com\/embed\/D1BBsSsddvk\" width=\"560\" height=\"314\" allowfullscreen=\"allowfullscreen\"><\/iframe><\/p>\n","protected":false},"excerpt":{"rendered":"<p>L\u2019alumnat de cinqu\u00e8 ha estat immers en un projecte que va molt m\u00e9s enll\u00e0 de les parets de l\u2019aula. Inspirats per l\u2019Objectiu de Desenvolupament Sostenible n\u00famero 6: Aigua neta i sanejament, han posat la creativitat i el comprom\u00eds al servei d\u2019una causa essencial: tenir cura de l\u2019aigua.&hellip;  <a href=\"https:\/\/agora.xtec.cat\/ceip-falba\/general\/gota-a-gota-canviem-el-mon\/\" title=\"Read Gota a gota, canviem el m\u00f3n\">Llegeix m\u00e9s\u00bb<\/a><\/p>\n","protected":false},"author":1,"featured_media":13053,"comment_status":"closed","ping_status":"closed","sticky":false,"template":"","format":"standard","meta":{"_bbp_topic_count":0,"_bbp_reply_count":0,"_bbp_total_topic_count":0,"_bbp_total_reply_count":0,"_bbp_voice_count":0,"_bbp_anonymous_reply_count":0,"_bbp_topic_count_hidden":0,"_bbp_reply_count_hidden":0,"_bbp_forum_subforum_count":0,"footnotes":""},"categories":[14,445,513,1,4,5,272],"tags":[549,551,548,550,547],"class_list":["post-13052","post","type-post","status-publish","format-standard","has-post-thumbnail","hentry","category-5e","category-comunitat-gran","category-curs-2024-25","category-general","category-portada","category-primaria","category-sostenibilitat-planeta","tag-aigua","tag-estalviar","tag-ods","tag-tresor","tag-valors"],"post_mailing_queue_ids":[],"_links":{"self":[{"href":"https:\/\/agora.xtec.cat\/ceip-falba\/wp-json\/wp\/v2\/posts\/13052","targetHints":{"allow":["GET"]}}],"collection":[{"href":"https:\/\/agora.xtec.cat\/ceip-falba\/wp-json\/wp\/v2\/posts"}],"about":[{"href":"https:\/\/agora.xtec.cat\/ceip-falba\/wp-json\/wp\/v2\/types\/post"}],"author":[{"embeddable":true,"href":"https:\/\/agora.xtec.cat\/ceip-falba\/wp-json\/wp\/v2\/users\/1"}],"replies":[{"embeddable":true,"href":"https:\/\/agora.xtec.cat\/ceip-falba\/wp-json\/wp\/v2\/comments?post=13052"}],"version-history":[{"count":1,"href":"https:\/\/agora.xtec.cat\/ceip-falba\/wp-json\/wp\/v2\/posts\/13052\/revisions"}],"predecessor-version":[{"id":13055,"href":"https:\/\/agora.xtec.cat\/ceip-falba\/wp-json\/wp\/v2\/posts\/13052\/revisions\/13055"}],"wp:featuredmedia":[{"embeddable":true,"href":"https:\/\/agora.xtec.cat\/ceip-falba\/wp-json\/wp\/v2\/media\/13053"}],"wp:attachment":[{"href":"https:\/\/agora.xtec.cat\/ceip-falba\/wp-json\/wp\/v2\/media?parent=13052"}],"wp:term":[{"taxonomy":"category","embeddable":true,"href":"https:\/\/agora.xtec.cat\/ceip-falba\/wp-json\/wp\/v2\/categories?post=13052"},{"taxonomy":"post_tag","embeddable":true,"href":"https:\/\/agora.xtec.cat\/ceip-falba\/wp-json\/wp\/v2\/tags?post=13052"}],"curies":[{"name":"wp","href":"https:\/\/api.w.org\/{rel}","templated":true}]}}