{"id":13041,"date":"2025-04-25T11:10:22","date_gmt":"2025-04-25T09:10:22","guid":{"rendered":"https:\/\/agora.xtec.cat\/ceip-falba\/?p=13041"},"modified":"2025-04-25T11:10:22","modified_gmt":"2025-04-25T09:10:22","slug":"cp-laventura-duna-llavor","status":"publish","type":"post","link":"https:\/\/agora.xtec.cat\/ceip-falba\/general\/cp-laventura-duna-llavor\/","title":{"rendered":"CP- L&#8217;aventura d&#8217;una llavor"},"content":{"rendered":"<p>La comunitat petita ha realitzat un taller sobre: <em>L&#8217;aventura d&#8217;una llavor.\ud83c\udf31<\/em><\/p>\n<p>Aquesta activitat possibilita una primera aproximaci\u00f3 a l\u2019ecosistema de l\u2019hort ecol\u00f2gic mitjan\u00e7ant la descoberta dels seus elements principals: <strong>les llavors<\/strong>. La descoberta s&#8217;ha realitzat a trav\u00e9s d\u2019un conte inicial i del contacte directe amb diferents llavors d\u2019hortalisses. La proposta educativa ha consistit en 3 parts diferenciades: el conte, el reconeixement i descoberta de diferents llavors (amb diferents propostes de racons) i la sembra d\u2019una llavor de temporada, on cada classe ha escollit una:<\/p>\n<p>-I3: ha plantat enciam.<\/p>\n<p>-I4: ha plantat p\u00e8sols.<\/p>\n<p>-I5: ha plantat bledes de colors.<\/p>\n<p><a href=\"https:\/\/drive.google.com\/drive\/folders\/1PMk9zSa2bAGT07nRTYLGwFKNnpduVy99?usp=sharing\">Aqu\u00ed teniu les fotografies d&#8217;aquest taller.\u00a0\u00a0<\/a><\/p>\n<p>&nbsp;<\/p>\n","protected":false},"excerpt":{"rendered":"<p>La comunitat petita ha realitzat un taller sobre: L&#8217;aventura d&#8217;una llavor.\ud83c\udf31<br \/>\nAquesta activitat possibilita una primera aproximaci\u00f3 a l\u2019ecosistema de l\u2019hort ecol\u00f2gic mitjan\u00e7ant la descoberta dels seus elements principals: les llavors. La descoberta s&#8217;ha realitzat a trav\u00e9s d\u2019un conte inicial i del contacte directe amb diferents&hellip;  <a href=\"https:\/\/agora.xtec.cat\/ceip-falba\/general\/cp-laventura-duna-llavor\/\" title=\"Read CP- L&#8217;aventura d&#8217;una llavor\">Llegeix m\u00e9s\u00bb<\/a><\/p>\n","protected":false},"author":71,"featured_media":13042,"comment_status":"closed","ping_status":"closed","sticky":false,"template":"","format":"standard","meta":{"_bbp_topic_count":0,"_bbp_reply_count":0,"_bbp_total_topic_count":0,"_bbp_total_reply_count":0,"_bbp_voice_count":0,"_bbp_anonymous_reply_count":0,"_bbp_topic_count_hidden":0,"_bbp_reply_count_hidden":0,"_bbp_forum_subforum_count":0,"footnotes":""},"categories":[340,513,1,444,3,8,9,2,4],"tags":[],"class_list":["post-13041","post","type-post","status-publish","format-standard","has-post-thumbnail","hentry","category-comunitat-de-petits","category-curs-2024-25","category-general","category-hort","category-p3","category-p4","category-p5","category-infantil","category-portada"],"post_mailing_queue_ids":[],"_links":{"self":[{"href":"https:\/\/agora.xtec.cat\/ceip-falba\/wp-json\/wp\/v2\/posts\/13041","targetHints":{"allow":["GET"]}}],"collection":[{"href":"https:\/\/agora.xtec.cat\/ceip-falba\/wp-json\/wp\/v2\/posts"}],"about":[{"href":"https:\/\/agora.xtec.cat\/ceip-falba\/wp-json\/wp\/v2\/types\/post"}],"author":[{"embeddable":true,"href":"https:\/\/agora.xtec.cat\/ceip-falba\/wp-json\/wp\/v2\/users\/71"}],"replies":[{"embeddable":true,"href":"https:\/\/agora.xtec.cat\/ceip-falba\/wp-json\/wp\/v2\/comments?post=13041"}],"version-history":[{"count":2,"href":"https:\/\/agora.xtec.cat\/ceip-falba\/wp-json\/wp\/v2\/posts\/13041\/revisions"}],"predecessor-version":[{"id":13044,"href":"https:\/\/agora.xtec.cat\/ceip-falba\/wp-json\/wp\/v2\/posts\/13041\/revisions\/13044"}],"wp:featuredmedia":[{"embeddable":true,"href":"https:\/\/agora.xtec.cat\/ceip-falba\/wp-json\/wp\/v2\/media\/13042"}],"wp:attachment":[{"href":"https:\/\/agora.xtec.cat\/ceip-falba\/wp-json\/wp\/v2\/media?parent=13041"}],"wp:term":[{"taxonomy":"category","embeddable":true,"href":"https:\/\/agora.xtec.cat\/ceip-falba\/wp-json\/wp\/v2\/categories?post=13041"},{"taxonomy":"post_tag","embeddable":true,"href":"https:\/\/agora.xtec.cat\/ceip-falba\/wp-json\/wp\/v2\/tags?post=13041"}],"curies":[{"name":"wp","href":"https:\/\/api.w.org\/{rel}","templated":true}]}}