{"id":13011,"date":"2025-04-23T20:53:37","date_gmt":"2025-04-23T18:53:37","guid":{"rendered":"https:\/\/agora.xtec.cat\/ceip-falba\/?p=13011"},"modified":"2025-04-24T10:41:31","modified_gmt":"2025-04-24T08:41:31","slug":"%f0%9f%8c%b9sant-jordi-2025","status":"publish","type":"post","link":"https:\/\/agora.xtec.cat\/ceip-falba\/infantil\/%f0%9f%8c%b9sant-jordi-2025\/","title":{"rendered":"\ud83c\udf39SANT JORDI 2025"},"content":{"rendered":"<p>&nbsp;<\/p>\n<p style=\"font-weight: 400;\">Pel caminet de vora el riu,<br \/>\ntresca que tres<a href=\"https:\/\/agora.xtec.cat\/ceip-falba\/wp-content\/uploads\/usu658\/2025\/04\/entrada-ST.-Jordi.jpg\"><img loading=\"lazy\" decoding=\"async\" class=\"size-full wp-image-13013 alignright\" src=\"https:\/\/agora.xtec.cat\/ceip-falba\/wp-content\/uploads\/usu658\/2025\/04\/entrada-ST.-Jordi.jpg\" alt=\"\" width=\"533\" height=\"455\" srcset=\"https:\/\/agora.xtec.cat\/ceip-falba\/wp-content\/uploads\/usu658\/2025\/04\/entrada-ST.-Jordi.jpg 533w, https:\/\/agora.xtec.cat\/ceip-falba\/wp-content\/uploads\/usu658\/2025\/04\/entrada-ST.-Jordi-300x256.jpg 300w\" sizes=\"auto, (max-width: 533px) 100vw, 533px\" \/><\/a>ca,<br \/>\nva galopant un cavaller.<br \/>\nSant Jordi va,<br \/>\nSant Jordi ve!<br \/>\nHa senti dir que hi ha un pa\u00eds<br \/>\nplora que plora<br \/>\nperqu\u00e8 d&#8217;un drac \u00e9s presoner.<br \/>\nSant Jordi va,<br \/>\nSant Jordi ve!<br \/>\nLa seva espasa al raig del sol<br \/>\nbrilla que brilla.<br \/>\n-Cercar\u00e9 el drac i el vencer\u00e9!<br \/>\nSant Jordi va,<br \/>\nSant Jordi ve!<br \/>\nI tot tornant, quan l&#8217;ha ven\u00e7ut,<br \/>\ndubta que dubta:<br \/>\n-Potser aquest drac no \u00e9s el darrer&#8230;<br \/>\nSant Jordi va,<br \/>\nSant Jordi ve.<\/p>\n<p style=\"font-weight: 400;\"><em>\u00a0\u00a0\u00a0\u00a0\u00a0\u00a0\u00a0\u00a0\u00a0\u00a0\u00a0 \u00a0 \u00a0 \u00a0 \u00a0 \u00a0 \u00a0 \u00a0\u00a0 \u00a0 \u00a0 \u00a0 \u00a0 \u00a0 \u00a0\u00a0<\/em><em><u>Joana Raspall<\/u><\/em><\/p>\n<p>Avui a l\u2019escola alumnat i equip educatiu hem viscut la Diada de Sant Jordi amb molta alegria i emoci\u00f3\ud83c\udf39\ud83c\udf39\ud83d\ude1a\ud83d\udc09.<\/p>\n<p>Ha estat un mat\u00ed ple d\u2019activitats i tallers que ens han endinsat en aquesta festa tan nostra a trav\u00e9s dels poemes, els contes, i altres formes d\u2019expressi\u00f3 musical i visual. Ha culminat amb els tradicionals Jocs Florals de l&#8217;escola recollits en la revista del mateix nom i que teniu penjat a l&#8217;enlla\u00e7.\u00a0Tamb\u00e9 hem donat els premis a les millors\u00a0 d&#8217;il\u00b7lustracions i escrits literaris de cada comunitat. Des de l&#8217;equip educatiu volem felicitar a tot l&#8217;alumnat de l&#8217;escola perqu\u00e8 han realitzat uns treballs molt bons.<\/p>\n<p>L&#8217; AFA ens ha preparat diferents activitats: la gran paradeta de llibres, on cada infant ha pogut escollir un llibre i s&#8217;ha emportat tamb\u00e9 com a regal el punt guanyador de la seva classe, mares i pares que han fet de contacontes a diferents grups, antics alumnes que han preparat un escape room i un grup de fam\u00edlies molt divertides que han deleitat als m\u00e9s petits i petites amb la representaci\u00f3 del conte &#8221; De qu\u00e8 fa gust la Lluna?&#8221;. \ud83d\udcd6\ud83c\udf1d<\/p>\n<p>Volem agrair a les fam\u00edlies participants de @afafontdelalba la implicaci\u00f3 i l&#8217;estima amb la que han preparat aquesta festa amb nosaltres, tant infants com equip educatiu ens ho hem passat pipa.\ud83d\udc4d\ud83c\udffb\ud83d\udc4c\ud83c\udffb\ud83d\ude0a\ud83d\ude0d<\/p>\n<p>Si voleu veure m\u00e9s fotos de com ha anat el dia d&#8217;avui, cliqueu a l&#8217;enlla\u00e7 de de la vostra comunitat:<\/p>\n<p><a href=\"https:\/\/drive.google.com\/drive\/folders\/165QAsIDxJAYaHJSzN5cNuEfbZm5JVLdD?usp=drive_link\">Comunitat Petita<\/a>, <a href=\"https:\/\/drive.google.com\/drive\/folders\/17w1f6OQGrHjtCFM_MVyuxwVDsnrrWgBU?usp=drive_link\">Comunitat Mitjana<\/a> i <a href=\"https:\/\/drive.google.com\/drive\/folders\/1Q6q6ORdSjFtXvoG-QP-i-jZNS_gBNMQN?usp=drive_link\">Comunitat Gran<\/a><\/p>\n","protected":false},"excerpt":{"rendered":"<p>&nbsp;<br \/>\nPel caminet de vora el riu,<br \/>\ntresca que tres<a href=\"https:\/\/agora.xtec.cat\/ceip-falba\/wp-content\/uploads\/usu658\/2025\/04\/entrada-ST.-Jordi.jpg\"><\/a>ca,<br \/>\nva galopant un cavaller.<br \/>\nSant Jordi va,<br \/>\nSant Jordi ve!<br \/>\nHa senti dir que hi ha un pa\u00eds<br \/>\nplora que plora<br \/>\nperqu\u00e8 d&#8217;un drac \u00e9s presoner.<br \/>\nSant Jordi va,<br \/>\nSant Jordi ve!<br \/>\nLa seva espasa al raig del sol<br \/>\nbrilla que brilla.<br \/>\n-Cercar\u00e9 el drac i el&hellip;  <a href=\"https:\/\/agora.xtec.cat\/ceip-falba\/infantil\/%f0%9f%8c%b9sant-jordi-2025\/\" title=\"Read \ud83c\udf39SANT JORDI 2025\">Llegeix m\u00e9s\u00bb<\/a><\/p>\n","protected":false},"author":1,"featured_media":13013,"comment_status":"closed","ping_status":"closed","sticky":false,"template":"","format":"standard","meta":{"_bbp_topic_count":0,"_bbp_reply_count":0,"_bbp_total_topic_count":0,"_bbp_total_reply_count":0,"_bbp_voice_count":0,"_bbp_anonymous_reply_count":0,"_bbp_topic_count_hidden":0,"_bbp_reply_count_hidden":0,"_bbp_forum_subforum_count":0,"footnotes":""},"categories":[445,442,340,513,35,2,4,5],"tags":[],"class_list":["post-13011","post","type-post","status-publish","format-standard","has-post-thumbnail","hentry","category-comunitat-gran","category-comunitat-mitjana","category-comunitat-de-petits","category-curs-2024-25","category-festes","category-infantil","category-portada","category-primaria"],"post_mailing_queue_ids":[],"_links":{"self":[{"href":"https:\/\/agora.xtec.cat\/ceip-falba\/wp-json\/wp\/v2\/posts\/13011","targetHints":{"allow":["GET"]}}],"collection":[{"href":"https:\/\/agora.xtec.cat\/ceip-falba\/wp-json\/wp\/v2\/posts"}],"about":[{"href":"https:\/\/agora.xtec.cat\/ceip-falba\/wp-json\/wp\/v2\/types\/post"}],"author":[{"embeddable":true,"href":"https:\/\/agora.xtec.cat\/ceip-falba\/wp-json\/wp\/v2\/users\/1"}],"replies":[{"embeddable":true,"href":"https:\/\/agora.xtec.cat\/ceip-falba\/wp-json\/wp\/v2\/comments?post=13011"}],"version-history":[{"count":5,"href":"https:\/\/agora.xtec.cat\/ceip-falba\/wp-json\/wp\/v2\/posts\/13011\/revisions"}],"predecessor-version":[{"id":13020,"href":"https:\/\/agora.xtec.cat\/ceip-falba\/wp-json\/wp\/v2\/posts\/13011\/revisions\/13020"}],"wp:featuredmedia":[{"embeddable":true,"href":"https:\/\/agora.xtec.cat\/ceip-falba\/wp-json\/wp\/v2\/media\/13013"}],"wp:attachment":[{"href":"https:\/\/agora.xtec.cat\/ceip-falba\/wp-json\/wp\/v2\/media?parent=13011"}],"wp:term":[{"taxonomy":"category","embeddable":true,"href":"https:\/\/agora.xtec.cat\/ceip-falba\/wp-json\/wp\/v2\/categories?post=13011"},{"taxonomy":"post_tag","embeddable":true,"href":"https:\/\/agora.xtec.cat\/ceip-falba\/wp-json\/wp\/v2\/tags?post=13011"}],"curies":[{"name":"wp","href":"https:\/\/api.w.org\/{rel}","templated":true}]}}