{"id":13005,"date":"2025-04-16T18:14:31","date_gmt":"2025-04-16T16:14:31","guid":{"rendered":"https:\/\/agora.xtec.cat\/ceip-falba\/?p=13005"},"modified":"2025-04-16T18:14:31","modified_gmt":"2025-04-16T16:14:31","slug":"festival-de-la-primavera-video","status":"publish","type":"post","link":"https:\/\/agora.xtec.cat\/ceip-falba\/general\/festival-de-la-primavera-video\/","title":{"rendered":"FESTIVAL DE LA PRIMAVERA (VIDEO)"},"content":{"rendered":"<p dir=\"ltr\">El Festival de Primavera 2025 ha estat un \u00e8xit! Hem gaudit d\u2019un mat\u00cd ple de m\u00fasica, dansa i tradici\u00f3, on l\u2019alumnat ha demostrat tot el seu talent i entusiasme ballant danses de la cultura popular catalana.<\/p>\n<p dir=\"ltr\">Si no vau poder assistir o voleu reviure aquesta celebraci\u00f3, <a href=\"https:\/\/youtu.be\/scY6vmYFHxk\">ja podeu veure el v\u00eddeo complet aqu\u00ed!<\/a><\/p>\n<p dir=\"ltr\">Gr\u00e0cies a tothom per fer possible aquest festival!<\/p>\n<div class=\"adL\"><\/div>\n","protected":false},"excerpt":{"rendered":"<p>El Festival de Primavera 2025 ha estat un \u00e8xit! Hem gaudit d\u2019un mat\u00cd ple de m\u00fasica, dansa i tradici\u00f3, on l\u2019alumnat ha demostrat tot el seu talent i entusiasme ballant danses de la cultura popular catalana.<br \/>\nSi no vau poder assistir o voleu reviure aquesta celebraci\u00f3,&hellip;  <a href=\"https:\/\/agora.xtec.cat\/ceip-falba\/general\/festival-de-la-primavera-video\/\" title=\"Read FESTIVAL DE LA PRIMAVERA (VIDEO)\">Llegeix m\u00e9s\u00bb<\/a><\/p>\n","protected":false},"author":20,"featured_media":13006,"comment_status":"closed","ping_status":"closed","sticky":false,"template":"","format":"standard","meta":{"_bbp_topic_count":0,"_bbp_reply_count":0,"_bbp_total_topic_count":0,"_bbp_total_reply_count":0,"_bbp_voice_count":0,"_bbp_anonymous_reply_count":0,"_bbp_topic_count_hidden":0,"_bbp_reply_count_hidden":0,"_bbp_forum_subforum_count":0,"footnotes":""},"categories":[10,11,12,211,14,15,445,442,340,513,33,476,35,1,2,507,4,5],"tags":[],"class_list":["post-13005","post","type-post","status-publish","format-standard","has-post-thumbnail","hentry","category-1r","category-2n","category-3r","category-4t","category-5e","category-6e","category-comunitat-gran","category-comunitat-mitjana","category-comunitat-de-petits","category-curs-2024-25","category-ed-fisica","category-educacio-fisica","category-festes","category-general","category-infantil","category-musica-2","category-portada","category-primaria"],"post_mailing_queue_ids":[],"_links":{"self":[{"href":"https:\/\/agora.xtec.cat\/ceip-falba\/wp-json\/wp\/v2\/posts\/13005","targetHints":{"allow":["GET"]}}],"collection":[{"href":"https:\/\/agora.xtec.cat\/ceip-falba\/wp-json\/wp\/v2\/posts"}],"about":[{"href":"https:\/\/agora.xtec.cat\/ceip-falba\/wp-json\/wp\/v2\/types\/post"}],"author":[{"embeddable":true,"href":"https:\/\/agora.xtec.cat\/ceip-falba\/wp-json\/wp\/v2\/users\/20"}],"replies":[{"embeddable":true,"href":"https:\/\/agora.xtec.cat\/ceip-falba\/wp-json\/wp\/v2\/comments?post=13005"}],"version-history":[{"count":2,"href":"https:\/\/agora.xtec.cat\/ceip-falba\/wp-json\/wp\/v2\/posts\/13005\/revisions"}],"predecessor-version":[{"id":13008,"href":"https:\/\/agora.xtec.cat\/ceip-falba\/wp-json\/wp\/v2\/posts\/13005\/revisions\/13008"}],"wp:featuredmedia":[{"embeddable":true,"href":"https:\/\/agora.xtec.cat\/ceip-falba\/wp-json\/wp\/v2\/media\/13006"}],"wp:attachment":[{"href":"https:\/\/agora.xtec.cat\/ceip-falba\/wp-json\/wp\/v2\/media?parent=13005"}],"wp:term":[{"taxonomy":"category","embeddable":true,"href":"https:\/\/agora.xtec.cat\/ceip-falba\/wp-json\/wp\/v2\/categories?post=13005"},{"taxonomy":"post_tag","embeddable":true,"href":"https:\/\/agora.xtec.cat\/ceip-falba\/wp-json\/wp\/v2\/tags?post=13005"}],"curies":[{"name":"wp","href":"https:\/\/api.w.org\/{rel}","templated":true}]}}