{"id":12994,"date":"2025-04-11T17:02:02","date_gmt":"2025-04-11T15:02:02","guid":{"rendered":"https:\/\/agora.xtec.cat\/ceip-falba\/?p=12994"},"modified":"2025-04-11T17:02:02","modified_gmt":"2025-04-11T15:02:02","slug":"%f0%9f%8c%b8festival-de-primavera%f0%9f%8c%b8","status":"publish","type":"post","link":"https:\/\/agora.xtec.cat\/ceip-falba\/infantil\/%f0%9f%8c%b8festival-de-primavera%f0%9f%8c%b8\/","title":{"rendered":"\ud83c\udf38FESTIVAL DE PRIMAVERA\ud83c\udf38"},"content":{"rendered":"<p class=\"\" data-start=\"150\" data-end=\"321\">Avui hem celebrat el <strong data-start=\"190\" data-end=\"215\">Festival de Primavera<\/strong>, una jornada plena de colors, m\u00fasica i emocions que ha omplert el pati de l\u2019escola d\u2019alegria i somriures!<\/p>\n<p class=\"\" data-start=\"323\" data-end=\"579\">Des del grup d\u2019<strong data-start=\"338\" data-end=\"354\">I3 fins a 6\u00e8<\/strong>, tot l\u2019alumnat ha preparat amb molta il\u00b7lusi\u00f3 unes <strong data-start=\"406\" data-end=\"426\">danses precioses<\/strong>. Ha estat un moment molt especial on l\u2019esfor\u00e7, la creativitat i la il\u00b7lusi\u00f3 s\u2019han fet visibles en cada moviment. L\u2019escola ha obert les portes a totes les fam\u00edlies, que han estat <strong data-start=\"646\" data-end=\"671\">benvingudes al centre<\/strong> per gaudir plegades d\u2019aquesta experi\u00e8ncia tan enriquidora.<\/p>\n<p class=\"\" data-start=\"849\" data-end=\"1030\">Moltes gr\u00e0cies a totes les fam\u00edlies per la vostra pres\u00e8ncia i implicaci\u00f3, i un <strong data-start=\"928\" data-end=\"968\">gran aplaudiment per a tot l\u2019alumnat<\/strong> que ha fet d\u2019aquest festival un record <strong data-start=\"1008\" data-end=\"1022\">meravell\u00f3s<\/strong>! \ud83c\udf3c<\/p>\n<p data-start=\"849\" data-end=\"1030\">Aqu\u00ed trobareu algunes<a href=\"https:\/\/drive.google.com\/drive\/folders\/1efigFid3Sh5f8Uh28Qa_FsEU8sIbNb7I?usp=sharing\"> fotografies<\/a>!!<\/p>\n","protected":false},"excerpt":{"rendered":"<p>Avui hem celebrat el Festival de Primavera, una jornada plena de colors, m\u00fasica i emocions que ha omplert el pati de l\u2019escola d\u2019alegria i somriures!<br \/>\nDes del grup d\u2019I3 fins a 6\u00e8, tot l\u2019alumnat ha preparat amb molta il\u00b7lusi\u00f3 unes danses precioses. Ha estat un moment&hellip;  <a href=\"https:\/\/agora.xtec.cat\/ceip-falba\/infantil\/%f0%9f%8c%b8festival-de-primavera%f0%9f%8c%b8\/\" title=\"Read \ud83c\udf38FESTIVAL DE PRIMAVERA\ud83c\udf38\">Llegeix m\u00e9s\u00bb<\/a><\/p>\n","protected":false},"author":1,"featured_media":12996,"comment_status":"closed","ping_status":"closed","sticky":false,"template":"","format":"standard","meta":{"_bbp_topic_count":0,"_bbp_reply_count":0,"_bbp_total_topic_count":0,"_bbp_total_reply_count":0,"_bbp_voice_count":0,"_bbp_anonymous_reply_count":0,"_bbp_topic_count_hidden":0,"_bbp_reply_count_hidden":0,"_bbp_forum_subforum_count":0,"footnotes":""},"categories":[445,442,340,513,35,2,4,5],"tags":[],"class_list":["post-12994","post","type-post","status-publish","format-standard","has-post-thumbnail","hentry","category-comunitat-gran","category-comunitat-mitjana","category-comunitat-de-petits","category-curs-2024-25","category-festes","category-infantil","category-portada","category-primaria"],"post_mailing_queue_ids":[],"_links":{"self":[{"href":"https:\/\/agora.xtec.cat\/ceip-falba\/wp-json\/wp\/v2\/posts\/12994","targetHints":{"allow":["GET"]}}],"collection":[{"href":"https:\/\/agora.xtec.cat\/ceip-falba\/wp-json\/wp\/v2\/posts"}],"about":[{"href":"https:\/\/agora.xtec.cat\/ceip-falba\/wp-json\/wp\/v2\/types\/post"}],"author":[{"embeddable":true,"href":"https:\/\/agora.xtec.cat\/ceip-falba\/wp-json\/wp\/v2\/users\/1"}],"replies":[{"embeddable":true,"href":"https:\/\/agora.xtec.cat\/ceip-falba\/wp-json\/wp\/v2\/comments?post=12994"}],"version-history":[{"count":2,"href":"https:\/\/agora.xtec.cat\/ceip-falba\/wp-json\/wp\/v2\/posts\/12994\/revisions"}],"predecessor-version":[{"id":12997,"href":"https:\/\/agora.xtec.cat\/ceip-falba\/wp-json\/wp\/v2\/posts\/12994\/revisions\/12997"}],"wp:featuredmedia":[{"embeddable":true,"href":"https:\/\/agora.xtec.cat\/ceip-falba\/wp-json\/wp\/v2\/media\/12996"}],"wp:attachment":[{"href":"https:\/\/agora.xtec.cat\/ceip-falba\/wp-json\/wp\/v2\/media?parent=12994"}],"wp:term":[{"taxonomy":"category","embeddable":true,"href":"https:\/\/agora.xtec.cat\/ceip-falba\/wp-json\/wp\/v2\/categories?post=12994"},{"taxonomy":"post_tag","embeddable":true,"href":"https:\/\/agora.xtec.cat\/ceip-falba\/wp-json\/wp\/v2\/tags?post=12994"}],"curies":[{"name":"wp","href":"https:\/\/api.w.org\/{rel}","templated":true}]}}