{"id":12981,"date":"2025-04-02T17:16:44","date_gmt":"2025-04-02T15:16:44","guid":{"rendered":"https:\/\/agora.xtec.cat\/ceip-falba\/?p=12981"},"modified":"2025-04-02T17:16:44","modified_gmt":"2025-04-02T15:16:44","slug":"font-de-noticies-no-809","status":"publish","type":"post","link":"https:\/\/agora.xtec.cat\/ceip-falba\/infantil\/font-de-noticies-no-809\/","title":{"rendered":"Font de Not\u00edcies n\u00ba 809"},"content":{"rendered":"<p>Al Font de Not\u00edcies d&#8217;avui, teniu informacions diverses i molt interessants, com poden ser les relatives al Festival de la Primavera, les activitats de Sant Jordi, el taller de catal\u00e0 oral per a les fam\u00edlies o la participaci\u00f3 d&#8217;un grup d&#8217;alumnes de l&#8217;escola al concurs &#8220;Fem matem\u00e0tiques25&#8221;.<a href=\"https:\/\/drive.google.com\/file\/d\/1yALB2Gss4DriB5DqZgTtBmg7xdU5xX7R\/view?usp=sharing\"><br \/>\n<img loading=\"lazy\" decoding=\"async\" class=\"aligncenter wp-image-12982 \" src=\"https:\/\/agora.xtec.cat\/ceip-falba\/wp-content\/uploads\/usu658\/2025\/04\/809.png\" alt=\"\" width=\"1373\" height=\"1034\" srcset=\"https:\/\/agora.xtec.cat\/ceip-falba\/wp-content\/uploads\/usu658\/2025\/04\/809.png 1632w, https:\/\/agora.xtec.cat\/ceip-falba\/wp-content\/uploads\/usu658\/2025\/04\/809-300x226.png 300w, https:\/\/agora.xtec.cat\/ceip-falba\/wp-content\/uploads\/usu658\/2025\/04\/809-1024x771.png 1024w, https:\/\/agora.xtec.cat\/ceip-falba\/wp-content\/uploads\/usu658\/2025\/04\/809-768x578.png 768w, https:\/\/agora.xtec.cat\/ceip-falba\/wp-content\/uploads\/usu658\/2025\/04\/809-1536x1157.png 1536w, https:\/\/agora.xtec.cat\/ceip-falba\/wp-content\/uploads\/usu658\/2025\/04\/809-200x150.png 200w\" sizes=\"auto, (max-width: 1373px) 100vw, 1373px\" \/><\/a><\/p>\n","protected":false},"excerpt":{"rendered":"<p>Al Font de Not\u00edcies d&#8217;avui, teniu informacions diverses i molt interessants, com poden ser les relatives al Festival de la Primavera, les activitats de Sant Jordi, el taller de catal\u00e0 oral per a les fam\u00edlies o la participaci\u00f3 d&#8217;un grup d&#8217;alumnes de l&#8217;escola al concurs&hellip;  <a href=\"https:\/\/agora.xtec.cat\/ceip-falba\/infantil\/font-de-noticies-no-809\/\" title=\"Read Font de Not\u00edcies n\u00ba 809\">Llegeix m\u00e9s\u00bb<\/a><\/p>\n","protected":false},"author":1,"featured_media":12982,"comment_status":"closed","ping_status":"closed","sticky":false,"template":"","format":"standard","meta":{"_bbp_topic_count":0,"_bbp_reply_count":0,"_bbp_total_topic_count":0,"_bbp_total_reply_count":0,"_bbp_voice_count":0,"_bbp_anonymous_reply_count":0,"_bbp_topic_count_hidden":0,"_bbp_reply_count_hidden":0,"_bbp_forum_subforum_count":0,"footnotes":""},"categories":[15,7,445,442,340,513,35,49,3,8,9,2,480,4,5,25,475],"tags":[],"class_list":["post-12981","post","type-post","status-publish","format-standard","has-post-thumbnail","hentry","category-6e","category-ampa","category-comunitat-gran","category-comunitat-mitjana","category-comunitat-de-petits","category-curs-2024-25","category-festes","category-font-de-noticies","category-p3","category-p4","category-p5","category-infantil","category-matematiques","category-portada","category-primaria","category-projectesescola","category-sant-jordi"],"post_mailing_queue_ids":[],"_links":{"self":[{"href":"https:\/\/agora.xtec.cat\/ceip-falba\/wp-json\/wp\/v2\/posts\/12981","targetHints":{"allow":["GET"]}}],"collection":[{"href":"https:\/\/agora.xtec.cat\/ceip-falba\/wp-json\/wp\/v2\/posts"}],"about":[{"href":"https:\/\/agora.xtec.cat\/ceip-falba\/wp-json\/wp\/v2\/types\/post"}],"author":[{"embeddable":true,"href":"https:\/\/agora.xtec.cat\/ceip-falba\/wp-json\/wp\/v2\/users\/1"}],"replies":[{"embeddable":true,"href":"https:\/\/agora.xtec.cat\/ceip-falba\/wp-json\/wp\/v2\/comments?post=12981"}],"version-history":[{"count":2,"href":"https:\/\/agora.xtec.cat\/ceip-falba\/wp-json\/wp\/v2\/posts\/12981\/revisions"}],"predecessor-version":[{"id":12984,"href":"https:\/\/agora.xtec.cat\/ceip-falba\/wp-json\/wp\/v2\/posts\/12981\/revisions\/12984"}],"wp:featuredmedia":[{"embeddable":true,"href":"https:\/\/agora.xtec.cat\/ceip-falba\/wp-json\/wp\/v2\/media\/12982"}],"wp:attachment":[{"href":"https:\/\/agora.xtec.cat\/ceip-falba\/wp-json\/wp\/v2\/media?parent=12981"}],"wp:term":[{"taxonomy":"category","embeddable":true,"href":"https:\/\/agora.xtec.cat\/ceip-falba\/wp-json\/wp\/v2\/categories?post=12981"},{"taxonomy":"post_tag","embeddable":true,"href":"https:\/\/agora.xtec.cat\/ceip-falba\/wp-json\/wp\/v2\/tags?post=12981"}],"curies":[{"name":"wp","href":"https:\/\/api.w.org\/{rel}","templated":true}]}}