{"id":12932,"date":"2025-03-14T12:54:01","date_gmt":"2025-03-14T11:54:01","guid":{"rendered":"https:\/\/agora.xtec.cat\/ceip-falba\/?p=12932"},"modified":"2025-03-14T13:00:31","modified_gmt":"2025-03-14T12:00:31","slug":"lemocio-de-llegir-en-veu-alta","status":"publish","type":"post","link":"https:\/\/agora.xtec.cat\/ceip-falba\/general\/lemocio-de-llegir-en-veu-alta\/","title":{"rendered":"L&#8217;emoci\u00f3 de llegir en veu alta"},"content":{"rendered":"<p>El divendres 14 de mar\u00e7, de 10h a 12.30h, la sala d\u2019actes de l\u2019Institut Terrassa ha acollit la semifinal del Certamen de Lectura en veu alta de Terrassa. En aquesta edici\u00f3, tres alumnes de la nostra comunitat gran, el Christofer de quart, la Nahla de cinqu\u00e8 i la Laritza de sis\u00e8, han tingut l\u2019oportunitat de demostrar el seu talent i la seva passi\u00f3 per la lectura, participant en un certamen que no nom\u00e9s posa a prova les seves habilitats lectores, sin\u00f3 tamb\u00e9 els valors de la perseveran\u00e7a, el respecte i l\u2019empatia.<\/p>\n<p>Els tres alumnes han mostrat un gran comprom\u00eds i dedicaci\u00f3, preparant-se durant setmanes per aquest important esdeveniment. La seva participaci\u00f3 no nom\u00e9s ha estat una demostraci\u00f3 de la seva capacitat lectora, sin\u00f3 tamb\u00e9 un exemple de com la lectura pot ser una eina poderosa per expressar sentiments, emocions i idees, i com aquestes poden arribar als altres d\u2019una manera molt especial.<\/p>\n\n\t\t<style type=\"text\/css\">\n\t\t\t#gallery-1 {\n\t\t\t\tmargin: auto;\n\t\t\t}\n\t\t\t#gallery-1 .gallery-item {\n\t\t\t\tfloat: left;\n\t\t\t\tmargin-top: 10px;\n\t\t\t\ttext-align: center;\n\t\t\t\twidth: 33%;\n\t\t\t}\n\t\t\t#gallery-1 img {\n\t\t\t\tborder: 2px solid #cfcfcf;\n\t\t\t}\n\t\t\t#gallery-1 .gallery-caption {\n\t\t\t\tmargin-left: 0;\n\t\t\t}\n\t\t\t\/* see gallery_shortcode() in wp-includes\/media.php *\/\n\t\t<\/style>\n\t\t<div id='gallery-1' class='gallery galleryid-12932 gallery-columns-3 gallery-size-thumbnail'><dl class='gallery-item'>\n\t\t\t<dt class='gallery-icon landscape'>\n\t\t\t\t<a href='https:\/\/agora.xtec.cat\/ceip-falba\/general\/lemocio-de-llegir-en-veu-alta\/attachment\/1-35\/'><img loading=\"lazy\" decoding=\"async\" width=\"150\" height=\"150\" src=\"https:\/\/agora.xtec.cat\/ceip-falba\/wp-content\/uploads\/usu658\/2025\/03\/1-150x150.jpg\" class=\"attachment-thumbnail size-thumbnail\" alt=\"\" aria-describedby=\"gallery-1-12933\" \/><\/a>\n\t\t\t<\/dt>\n\t\t\t\t<dd class='wp-caption-text gallery-caption' id='gallery-1-12933'>\n\t\t\t\t4t\n\t\t\t\t<\/dd><\/dl><dl class='gallery-item'>\n\t\t\t<dt class='gallery-icon portrait'>\n\t\t\t\t<a href='https:\/\/agora.xtec.cat\/ceip-falba\/general\/lemocio-de-llegir-en-veu-alta\/attachment\/3-21\/'><img loading=\"lazy\" decoding=\"async\" width=\"150\" height=\"150\" src=\"https:\/\/agora.xtec.cat\/ceip-falba\/wp-content\/uploads\/usu658\/2025\/03\/3-150x150.jpg\" class=\"attachment-thumbnail size-thumbnail\" alt=\"\" aria-describedby=\"gallery-1-12935\" \/><\/a>\n\t\t\t<\/dt>\n\t\t\t\t<dd class='wp-caption-text gallery-caption' id='gallery-1-12935'>\n\t\t\t\t5\u00e8\n\t\t\t\t<\/dd><\/dl><dl class='gallery-item'>\n\t\t\t<dt class='gallery-icon portrait'>\n\t\t\t\t<a href='https:\/\/agora.xtec.cat\/ceip-falba\/general\/lemocio-de-llegir-en-veu-alta\/attachment\/2-29\/'><img loading=\"lazy\" decoding=\"async\" width=\"150\" height=\"150\" src=\"https:\/\/agora.xtec.cat\/ceip-falba\/wp-content\/uploads\/usu658\/2025\/03\/2-150x150.jpg\" class=\"attachment-thumbnail size-thumbnail\" alt=\"\" aria-describedby=\"gallery-1-12934\" \/><\/a>\n\t\t\t<\/dt>\n\t\t\t\t<dd class='wp-caption-text gallery-caption' id='gallery-1-12934'>\n\t\t\t\t6\u00e8\n\t\t\t\t<\/dd><\/dl><br style=\"clear: both\" \/>\n\t\t<\/div>\n\n","protected":false},"excerpt":{"rendered":"<p>El divendres 14 de mar\u00e7, la sala d\u2019actes de l\u2019Institut Terrassa ha acollit la semifinal del Certamen de Lectura en veu alta de Terrassa.&hellip;  <a href=\"https:\/\/agora.xtec.cat\/ceip-falba\/general\/lemocio-de-llegir-en-veu-alta\/\" title=\"Read L&#8217;emoci\u00f3 de llegir en veu alta\">Llegeix m\u00e9s\u00bb<\/a><\/p>\n","protected":false},"author":1,"featured_media":12938,"comment_status":"closed","ping_status":"closed","sticky":false,"template":"","format":"standard","meta":{"_bbp_topic_count":0,"_bbp_reply_count":0,"_bbp_total_topic_count":0,"_bbp_total_reply_count":0,"_bbp_voice_count":0,"_bbp_anonymous_reply_count":0,"_bbp_topic_count_hidden":0,"_bbp_reply_count_hidden":0,"_bbp_forum_subforum_count":0,"footnotes":""},"categories":[211,14,15,48,471,428,445,513,1,360,4,5],"tags":[535,537,271,317,347,536],"class_list":["post-12932","post","type-post","status-publish","format-standard","has-post-thumbnail","hentry","category-4t","category-5e","category-6e","category-aa","category-certamen-lectura-en-veu-alta","category-comissio-lic","category-comunitat-gran","category-curs-2024-25","category-general","category-llegim","category-portada","category-primaria","tag-certamen","tag-experiencia","tag-lectura","tag-llegir","tag-terrassa","tag-veu"],"post_mailing_queue_ids":[],"_links":{"self":[{"href":"https:\/\/agora.xtec.cat\/ceip-falba\/wp-json\/wp\/v2\/posts\/12932","targetHints":{"allow":["GET"]}}],"collection":[{"href":"https:\/\/agora.xtec.cat\/ceip-falba\/wp-json\/wp\/v2\/posts"}],"about":[{"href":"https:\/\/agora.xtec.cat\/ceip-falba\/wp-json\/wp\/v2\/types\/post"}],"author":[{"embeddable":true,"href":"https:\/\/agora.xtec.cat\/ceip-falba\/wp-json\/wp\/v2\/users\/1"}],"replies":[{"embeddable":true,"href":"https:\/\/agora.xtec.cat\/ceip-falba\/wp-json\/wp\/v2\/comments?post=12932"}],"version-history":[{"count":1,"href":"https:\/\/agora.xtec.cat\/ceip-falba\/wp-json\/wp\/v2\/posts\/12932\/revisions"}],"predecessor-version":[{"id":12937,"href":"https:\/\/agora.xtec.cat\/ceip-falba\/wp-json\/wp\/v2\/posts\/12932\/revisions\/12937"}],"wp:featuredmedia":[{"embeddable":true,"href":"https:\/\/agora.xtec.cat\/ceip-falba\/wp-json\/wp\/v2\/media\/12938"}],"wp:attachment":[{"href":"https:\/\/agora.xtec.cat\/ceip-falba\/wp-json\/wp\/v2\/media?parent=12932"}],"wp:term":[{"taxonomy":"category","embeddable":true,"href":"https:\/\/agora.xtec.cat\/ceip-falba\/wp-json\/wp\/v2\/categories?post=12932"},{"taxonomy":"post_tag","embeddable":true,"href":"https:\/\/agora.xtec.cat\/ceip-falba\/wp-json\/wp\/v2\/tags?post=12932"}],"curies":[{"name":"wp","href":"https:\/\/api.w.org\/{rel}","templated":true}]}}