{"id":12880,"date":"2025-02-24T13:05:22","date_gmt":"2025-02-24T12:05:22","guid":{"rendered":"https:\/\/agora.xtec.cat\/ceip-falba\/?p=12880"},"modified":"2025-02-24T13:05:22","modified_gmt":"2025-02-24T12:05:22","slug":"i4-laventura-de-la-pocio-secreta","status":"publish","type":"post","link":"https:\/\/agora.xtec.cat\/ceip-falba\/infantil\/i4-laventura-de-la-pocio-secreta\/","title":{"rendered":"I4- L&#8217;AVENTURA DE LA POCI\u00d3 SECRETA"},"content":{"rendered":"<p>Els infants d&#8217;I4 ens hem apropat una mica a la ci\u00e8ncia i a l&#8217;experimentaci\u00f3 a trav\u00e9s d&#8217;una hist\u00f2ria del Mag Merl\u00ed, que ens ha ensenyat poders i ens hem pogut transformar en mags creant una sorprenent poci\u00f3.<\/p>\n<p><a href=\"https:\/\/drive.google.com\/drive\/folders\/1-WLcs_WtE9Td7fTyi0SQKocgVFSWdNGq?usp=sharing\">Aqu\u00ed teniu les fotos de la sessi\u00f3.\u00a0 \u2b05\u2b05<\/a><\/p>\n<p><em>#activitatsfunbrain<\/em><\/p>\n<p><a href=\"https:\/\/agora.xtec.cat\/ceip-falba\/wp-content\/uploads\/usu658\/2025\/02\/IMG_9693.jpg\"><img loading=\"lazy\" decoding=\"async\" class=\"alignnone size-full wp-image-12881\" src=\"https:\/\/agora.xtec.cat\/ceip-falba\/wp-content\/uploads\/usu658\/2025\/02\/IMG_9693.jpg\" alt=\"\" width=\"1000\" height=\"750\" srcset=\"https:\/\/agora.xtec.cat\/ceip-falba\/wp-content\/uploads\/usu658\/2025\/02\/IMG_9693.jpg 1000w, https:\/\/agora.xtec.cat\/ceip-falba\/wp-content\/uploads\/usu658\/2025\/02\/IMG_9693-300x225.jpg 300w, https:\/\/agora.xtec.cat\/ceip-falba\/wp-content\/uploads\/usu658\/2025\/02\/IMG_9693-768x576.jpg 768w, https:\/\/agora.xtec.cat\/ceip-falba\/wp-content\/uploads\/usu658\/2025\/02\/IMG_9693-200x150.jpg 200w\" sizes=\"auto, (max-width: 1000px) 100vw, 1000px\" \/><\/a><\/p>\n","protected":false},"excerpt":{"rendered":"<p>Els infants d&#8217;I4 ens hem apropat una mica a la ci\u00e8ncia i a l&#8217;experimentaci\u00f3 a trav\u00e9s d&#8217;una hist\u00f2ria del Mag Merl\u00ed, que ens ha ensenyat poders i ens hem pogut transformar en mags creant una sorprenent poci\u00f3.<br \/>\n<a href=\"https:\/\/drive.google.com\/drive\/folders\/1-WLcs_WtE9Td7fTyi0SQKocgVFSWdNGq?usp=sharing\">Aqu\u00ed teniu les fotos de la sessi\u00f3.\u00a0 \u2b05\u2b05<\/a><br \/>\n#activitatsfunbrain<br \/>\n<a&hellip;  <a href=\"https:\/\/agora.xtec.cat\/ceip-falba\/infantil\/i4-laventura-de-la-pocio-secreta\/\" title=\"Read I4- L&#8217;AVENTURA DE LA POCI\u00d3 SECRETA\">Llegeix m\u00e9s\u00bb<\/a><\/p>\n","protected":false},"author":71,"featured_media":12881,"comment_status":"closed","ping_status":"closed","sticky":false,"template":"","format":"standard","meta":{"_bbp_topic_count":0,"_bbp_reply_count":0,"_bbp_total_topic_count":0,"_bbp_total_reply_count":0,"_bbp_voice_count":0,"_bbp_anonymous_reply_count":0,"_bbp_topic_count_hidden":0,"_bbp_reply_count_hidden":0,"_bbp_forum_subforum_count":0,"footnotes":""},"categories":[513,8,2,4],"tags":[],"class_list":["post-12880","post","type-post","status-publish","format-standard","has-post-thumbnail","hentry","category-curs-2024-25","category-p4","category-infantil","category-portada"],"post_mailing_queue_ids":[],"_links":{"self":[{"href":"https:\/\/agora.xtec.cat\/ceip-falba\/wp-json\/wp\/v2\/posts\/12880","targetHints":{"allow":["GET"]}}],"collection":[{"href":"https:\/\/agora.xtec.cat\/ceip-falba\/wp-json\/wp\/v2\/posts"}],"about":[{"href":"https:\/\/agora.xtec.cat\/ceip-falba\/wp-json\/wp\/v2\/types\/post"}],"author":[{"embeddable":true,"href":"https:\/\/agora.xtec.cat\/ceip-falba\/wp-json\/wp\/v2\/users\/71"}],"replies":[{"embeddable":true,"href":"https:\/\/agora.xtec.cat\/ceip-falba\/wp-json\/wp\/v2\/comments?post=12880"}],"version-history":[{"count":1,"href":"https:\/\/agora.xtec.cat\/ceip-falba\/wp-json\/wp\/v2\/posts\/12880\/revisions"}],"predecessor-version":[{"id":12882,"href":"https:\/\/agora.xtec.cat\/ceip-falba\/wp-json\/wp\/v2\/posts\/12880\/revisions\/12882"}],"wp:featuredmedia":[{"embeddable":true,"href":"https:\/\/agora.xtec.cat\/ceip-falba\/wp-json\/wp\/v2\/media\/12881"}],"wp:attachment":[{"href":"https:\/\/agora.xtec.cat\/ceip-falba\/wp-json\/wp\/v2\/media?parent=12880"}],"wp:term":[{"taxonomy":"category","embeddable":true,"href":"https:\/\/agora.xtec.cat\/ceip-falba\/wp-json\/wp\/v2\/categories?post=12880"},{"taxonomy":"post_tag","embeddable":true,"href":"https:\/\/agora.xtec.cat\/ceip-falba\/wp-json\/wp\/v2\/tags?post=12880"}],"curies":[{"name":"wp","href":"https:\/\/api.w.org\/{rel}","templated":true}]}}