{"id":12805,"date":"2025-01-31T01:28:03","date_gmt":"2025-01-31T00:28:03","guid":{"rendered":"https:\/\/agora.xtec.cat\/ceip-falba\/?p=12805"},"modified":"2025-01-31T01:28:03","modified_gmt":"2025-01-31T00:28:03","slug":"el-poder-de-les-paraules-i-els-gestos-celebrant-la-pau-i-la-no-violencia","status":"publish","type":"post","link":"https:\/\/agora.xtec.cat\/ceip-falba\/portada\/el-poder-de-les-paraules-i-els-gestos-celebrant-la-pau-i-la-no-violencia\/","title":{"rendered":"El poder de les paraules i els gestos: celebrant la Pau i la No Viol\u00e8ncia."},"content":{"rendered":"<p><a href=\"https:\/\/agora.xtec.cat\/ceip-falba\/wp-content\/uploads\/usu658\/2025\/01\/IMG-20250130-WA0006-1.jpg\"><img loading=\"lazy\" decoding=\"async\" class=\"aligncenter wp-image-12821 size-full\" src=\"https:\/\/agora.xtec.cat\/ceip-falba\/wp-content\/uploads\/usu658\/2025\/01\/IMG-20250130-WA0006-1.jpg\" alt=\"\" width=\"1559\" height=\"823\" srcset=\"https:\/\/agora.xtec.cat\/ceip-falba\/wp-content\/uploads\/usu658\/2025\/01\/IMG-20250130-WA0006-1.jpg 1559w, https:\/\/agora.xtec.cat\/ceip-falba\/wp-content\/uploads\/usu658\/2025\/01\/IMG-20250130-WA0006-1-300x158.jpg 300w, https:\/\/agora.xtec.cat\/ceip-falba\/wp-content\/uploads\/usu658\/2025\/01\/IMG-20250130-WA0006-1-1024x541.jpg 1024w, https:\/\/agora.xtec.cat\/ceip-falba\/wp-content\/uploads\/usu658\/2025\/01\/IMG-20250130-WA0006-1-768x405.jpg 768w, https:\/\/agora.xtec.cat\/ceip-falba\/wp-content\/uploads\/usu658\/2025\/01\/IMG-20250130-WA0006-1-1536x811.jpg 1536w\" sizes=\"auto, (max-width: 1559px) 100vw, 1559px\" \/><\/a><\/p>\n<p>&nbsp;<\/p>\n<p><span style=\"font-weight: 400;\">Com a motiu del Dia Escolar de la No Viol\u00e8ncia i la Pau, la nostra escola ha celebrat aquesta jornada amb una s\u00e8rie d&#8217;activitats dissenyades perqu\u00e8 els nens i nenes comprenguin el significat d&#8217;aquesta data tan important.<\/span><\/p>\n<p><span style=\"font-weight: 400;\">Durant el dia, hem treballat conjuntament per reflexionar sobre la import\u00e0ncia de viure en una societat saludable, basada en valors essencials com el respecte, l&#8217;amor i la toler\u00e0ncia.<\/span><\/p>\n<p><span style=\"font-weight: 400;\">Amb aquestes activitats, els estudiants han pogut entendre no nom\u00e9s per qu\u00e8 es commemora aquest dia, sin\u00f3 tamb\u00e9 com poden contribuir a un entorn escolar i social m\u00e9s pac\u00edfic, on la conviv\u00e8ncia sigui la base del dia a dia.<\/span><\/p>\n<p><span style=\"font-weight: 400;\">El Dia Escolar de la No Viol\u00e8ncia i la Pau ens recorda la necessitat de fomentar relacions positives i de crear espais on tothom se senti respectat i valorat.<\/span><\/p>\n<p>&nbsp;<\/p>\n<p><!--more--><\/p>\n<p><a href=\"https:\/\/agora.xtec.cat\/ceip-falba\/wp-content\/uploads\/usu658\/2025\/01\/IMG-20250130-WA0004.jpg\"><img loading=\"lazy\" decoding=\"async\" class=\"alignnone size-thumbnail wp-image-12810\" src=\"https:\/\/agora.xtec.cat\/ceip-falba\/wp-content\/uploads\/usu658\/2025\/01\/IMG-20250130-WA0004-150x150.jpg\" alt=\"\" width=\"150\" height=\"150\" \/><\/a><a href=\"https:\/\/agora.xtec.cat\/ceip-falba\/wp-content\/uploads\/usu658\/2025\/01\/IMG-20250130-WA0003.jpg\"><img loading=\"lazy\" decoding=\"async\" class=\"alignnone size-thumbnail wp-image-12811\" src=\"https:\/\/agora.xtec.cat\/ceip-falba\/wp-content\/uploads\/usu658\/2025\/01\/IMG-20250130-WA0003-150x150.jpg\" alt=\"\" width=\"150\" height=\"150\" \/><\/a><a href=\"https:\/\/agora.xtec.cat\/ceip-falba\/wp-content\/uploads\/usu658\/2025\/01\/IMG-20250130-WA0005.jpg\"><img loading=\"lazy\" decoding=\"async\" class=\"alignnone size-thumbnail wp-image-12812\" src=\"https:\/\/agora.xtec.cat\/ceip-falba\/wp-content\/uploads\/usu658\/2025\/01\/IMG-20250130-WA0005-150x150.jpg\" alt=\"\" width=\"150\" height=\"150\" \/><\/a><a href=\"https:\/\/agora.xtec.cat\/ceip-falba\/wp-content\/uploads\/usu658\/2025\/01\/IMG-20250130-WA0031.jpg\"><img loading=\"lazy\" decoding=\"async\" class=\"alignnone size-thumbnail wp-image-12813\" src=\"https:\/\/agora.xtec.cat\/ceip-falba\/wp-content\/uploads\/usu658\/2025\/01\/IMG-20250130-WA0031-150x150.jpg\" alt=\"\" width=\"150\" height=\"150\" \/><\/a><a href=\"https:\/\/agora.xtec.cat\/ceip-falba\/wp-content\/uploads\/usu658\/2025\/01\/IMG-20250130-WA0017.jpg\"><img loading=\"lazy\" decoding=\"async\" class=\"alignnone size-thumbnail wp-image-12816\" src=\"https:\/\/agora.xtec.cat\/ceip-falba\/wp-content\/uploads\/usu658\/2025\/01\/IMG-20250130-WA0017-150x150.jpg\" alt=\"\" width=\"150\" height=\"150\" \/><\/a><a href=\"https:\/\/agora.xtec.cat\/ceip-falba\/wp-content\/uploads\/usu658\/2025\/01\/IMG-20250130-WA0029-1.jpg\"><img loading=\"lazy\" decoding=\"async\" class=\"alignnone size-thumbnail wp-image-12817\" src=\"https:\/\/agora.xtec.cat\/ceip-falba\/wp-content\/uploads\/usu658\/2025\/01\/IMG-20250130-WA0029-1-150x150.jpg\" alt=\"\" width=\"150\" height=\"150\" \/><\/a><a href=\"https:\/\/agora.xtec.cat\/ceip-falba\/wp-content\/uploads\/usu658\/2025\/01\/IMG-20250130-WA0019.jpg\"><img loading=\"lazy\" decoding=\"async\" class=\"alignnone size-thumbnail wp-image-12818\" src=\"https:\/\/agora.xtec.cat\/ceip-falba\/wp-content\/uploads\/usu658\/2025\/01\/IMG-20250130-WA0019-150x150.jpg\" alt=\"\" width=\"150\" height=\"150\" \/><\/a><a href=\"https:\/\/agora.xtec.cat\/ceip-falba\/wp-content\/uploads\/usu658\/2025\/01\/IMG-20250130-WA0029.jpg\"><img loading=\"lazy\" decoding=\"async\" class=\"alignnone size-thumbnail wp-image-12814\" src=\"https:\/\/agora.xtec.cat\/ceip-falba\/wp-content\/uploads\/usu658\/2025\/01\/IMG-20250130-WA0029-150x150.jpg\" alt=\"\" width=\"150\" height=\"150\" \/><\/a><\/p>\n<p>&nbsp;<\/p>\n<p>&nbsp;<\/p>\n<p>&nbsp;<\/p>\n<p>&nbsp;<\/p>\n<p>&nbsp;<\/p>\n<p>&nbsp;<\/p>\n<p>&nbsp;<\/p>\n<p>&nbsp;<\/p>\n<p>&nbsp;<\/p>\n<p>&nbsp;<\/p>\n","protected":false},"excerpt":{"rendered":"<p><a href=\"https:\/\/agora.xtec.cat\/ceip-falba\/wp-content\/uploads\/usu658\/2025\/01\/IMG-20250130-WA0006-1.jpg\"><\/a><br \/>\n&nbsp;<br \/>\nCom a motiu del Dia Escolar de la No Viol\u00e8ncia i la Pau, la nostra escola ha celebrat aquesta jornada amb una s\u00e8rie d&#8217;activitats dissenyades perqu\u00e8 els nens i nenes comprenguin el significat d&#8217;aquesta data tan important.<br \/>\nDurant el dia, hem treballat conjuntament per reflexionar&hellip;  <a href=\"https:\/\/agora.xtec.cat\/ceip-falba\/portada\/el-poder-de-les-paraules-i-els-gestos-celebrant-la-pau-i-la-no-violencia\/\" title=\"Read El poder de les paraules i els gestos: celebrant la Pau i la No Viol\u00e8ncia.\">Llegeix m\u00e9s\u00bb<\/a><\/p>\n","protected":false},"author":61,"featured_media":12809,"comment_status":"closed","ping_status":"closed","sticky":false,"template":"","format":"standard","meta":{"_bbp_topic_count":0,"_bbp_reply_count":0,"_bbp_total_topic_count":0,"_bbp_total_reply_count":0,"_bbp_voice_count":0,"_bbp_anonymous_reply_count":0,"_bbp_topic_count_hidden":0,"_bbp_reply_count_hidden":0,"_bbp_forum_subforum_count":0,"footnotes":""},"categories":[428,445,442,340,513,172,4],"tags":[],"class_list":["post-12805","post","type-post","status-publish","format-standard","has-post-thumbnail","hentry","category-comissio-lic","category-comunitat-gran","category-comunitat-mitjana","category-comunitat-de-petits","category-curs-2024-25","category-dies-internacionals","category-portada"],"post_mailing_queue_ids":[],"_links":{"self":[{"href":"https:\/\/agora.xtec.cat\/ceip-falba\/wp-json\/wp\/v2\/posts\/12805","targetHints":{"allow":["GET"]}}],"collection":[{"href":"https:\/\/agora.xtec.cat\/ceip-falba\/wp-json\/wp\/v2\/posts"}],"about":[{"href":"https:\/\/agora.xtec.cat\/ceip-falba\/wp-json\/wp\/v2\/types\/post"}],"author":[{"embeddable":true,"href":"https:\/\/agora.xtec.cat\/ceip-falba\/wp-json\/wp\/v2\/users\/61"}],"replies":[{"embeddable":true,"href":"https:\/\/agora.xtec.cat\/ceip-falba\/wp-json\/wp\/v2\/comments?post=12805"}],"version-history":[{"count":5,"href":"https:\/\/agora.xtec.cat\/ceip-falba\/wp-json\/wp\/v2\/posts\/12805\/revisions"}],"predecessor-version":[{"id":12824,"href":"https:\/\/agora.xtec.cat\/ceip-falba\/wp-json\/wp\/v2\/posts\/12805\/revisions\/12824"}],"wp:featuredmedia":[{"embeddable":true,"href":"https:\/\/agora.xtec.cat\/ceip-falba\/wp-json\/wp\/v2\/media\/12809"}],"wp:attachment":[{"href":"https:\/\/agora.xtec.cat\/ceip-falba\/wp-json\/wp\/v2\/media?parent=12805"}],"wp:term":[{"taxonomy":"category","embeddable":true,"href":"https:\/\/agora.xtec.cat\/ceip-falba\/wp-json\/wp\/v2\/categories?post=12805"},{"taxonomy":"post_tag","embeddable":true,"href":"https:\/\/agora.xtec.cat\/ceip-falba\/wp-json\/wp\/v2\/tags?post=12805"}],"curies":[{"name":"wp","href":"https:\/\/api.w.org\/{rel}","templated":true}]}}