{"id":12782,"date":"2025-01-27T08:33:45","date_gmt":"2025-01-27T07:33:45","guid":{"rendered":"https:\/\/agora.xtec.cat\/ceip-falba\/?p=12782"},"modified":"2025-01-30T17:28:52","modified_gmt":"2025-01-30T16:28:52","slug":"visita-al-parc-de-bombers-una-experiencia-inoblidable","status":"publish","type":"post","link":"https:\/\/agora.xtec.cat\/ceip-falba\/general\/visita-al-parc-de-bombers-una-experiencia-inoblidable\/","title":{"rendered":"Visita al Parc de Bombers: Una experi\u00e8ncia inoblidable!"},"content":{"rendered":"<p>El passat divendres, els nens i nenes de 1r van tenir l&#8217;oportunitat de visitar el Parc de Bombers de la nostra ciutat. Va ser una jornada emocionant i plena d&#8217;aprenentatges!<\/p>\n<p>Durant la visita, els bombers ens van explicar en qu\u00e8 consisteix la seva feina di\u00e0ria i la import\u00e0ncia de la seva tasca per garantir la seguretat de tothom. A m\u00e9s, ens<\/p>\n<p>van ensenyar les instal\u00b7lacions, els vehicles i el material que utilitzen per dur a terme les seves intervencions, com les m\u00e0negues, els cascos i les eines especialitzades.<\/p>\n<p>Els alumnes van estar molt atents i van poder resoldre molts dubtes gr\u00e0cies a les explicacions dels professionals, que van compartir la seva passi\u00f3 per aquesta feina tan imprescindible.<\/p>\n<p>Aquesta activitat no nom\u00e9s ens va permetre descobrir un dels oficis m\u00e9s importants de la nostra societat, sin\u00f3 que tamb\u00e9 ens va recordar la import\u00e0ncia de la prevenci\u00f3 i de saber com actuar davant d&#8217;emerg\u00e8ncies.<\/p>\n<p>Gr\u00e0cies al Parc de Bombers per fer-nos sentir tan benvinguts i per dedicar-nos el seu temps!<\/p>\n\n\t\t<style type=\"text\/css\">\n\t\t\t#gallery-1 {\n\t\t\t\tmargin: auto;\n\t\t\t}\n\t\t\t#gallery-1 .gallery-item {\n\t\t\t\tfloat: left;\n\t\t\t\tmargin-top: 10px;\n\t\t\t\ttext-align: center;\n\t\t\t\twidth: 33%;\n\t\t\t}\n\t\t\t#gallery-1 img {\n\t\t\t\tborder: 2px solid #cfcfcf;\n\t\t\t}\n\t\t\t#gallery-1 .gallery-caption {\n\t\t\t\tmargin-left: 0;\n\t\t\t}\n\t\t\t\/* see gallery_shortcode() in wp-includes\/media.php *\/\n\t\t<\/style>\n\t\t<div id='gallery-1' class='gallery galleryid-12782 gallery-columns-3 gallery-size-medium'><dl class='gallery-item'>\n\t\t\t<dt class='gallery-icon landscape'>\n\t\t\t\t<a href='https:\/\/agora.xtec.cat\/ceip-falba\/general\/visita-al-parc-de-bombers-una-experiencia-inoblidable\/attachment\/20250124_113820\/'><img loading=\"lazy\" decoding=\"async\" width=\"300\" height=\"225\" src=\"https:\/\/agora.xtec.cat\/ceip-falba\/wp-content\/uploads\/usu658\/2025\/01\/20250124_113820-300x225.jpg\" class=\"attachment-medium size-medium\" alt=\"\" srcset=\"https:\/\/agora.xtec.cat\/ceip-falba\/wp-content\/uploads\/usu658\/2025\/01\/20250124_113820-300x225.jpg 300w, https:\/\/agora.xtec.cat\/ceip-falba\/wp-content\/uploads\/usu658\/2025\/01\/20250124_113820-1024x768.jpg 1024w, https:\/\/agora.xtec.cat\/ceip-falba\/wp-content\/uploads\/usu658\/2025\/01\/20250124_113820-768x576.jpg 768w, https:\/\/agora.xtec.cat\/ceip-falba\/wp-content\/uploads\/usu658\/2025\/01\/20250124_113820-1536x1152.jpg 1536w, https:\/\/agora.xtec.cat\/ceip-falba\/wp-content\/uploads\/usu658\/2025\/01\/20250124_113820-2048x1536.jpg 2048w, https:\/\/agora.xtec.cat\/ceip-falba\/wp-content\/uploads\/usu658\/2025\/01\/20250124_113820-200x150.jpg 200w\" sizes=\"auto, (max-width: 300px) 100vw, 300px\" \/><\/a>\n\t\t\t<\/dt><\/dl><dl class='gallery-item'>\n\t\t\t<dt class='gallery-icon landscape'>\n\t\t\t\t<a href='https:\/\/agora.xtec.cat\/ceip-falba\/general\/visita-al-parc-de-bombers-una-experiencia-inoblidable\/attachment\/20250124_110209\/'><img loading=\"lazy\" decoding=\"async\" width=\"300\" height=\"225\" src=\"https:\/\/agora.xtec.cat\/ceip-falba\/wp-content\/uploads\/usu658\/2025\/01\/20250124_110209-300x225.jpg\" class=\"attachment-medium size-medium\" alt=\"\" srcset=\"https:\/\/agora.xtec.cat\/ceip-falba\/wp-content\/uploads\/usu658\/2025\/01\/20250124_110209-300x225.jpg 300w, https:\/\/agora.xtec.cat\/ceip-falba\/wp-content\/uploads\/usu658\/2025\/01\/20250124_110209-1024x768.jpg 1024w, https:\/\/agora.xtec.cat\/ceip-falba\/wp-content\/uploads\/usu658\/2025\/01\/20250124_110209-768x576.jpg 768w, https:\/\/agora.xtec.cat\/ceip-falba\/wp-content\/uploads\/usu658\/2025\/01\/20250124_110209-1536x1152.jpg 1536w, https:\/\/agora.xtec.cat\/ceip-falba\/wp-content\/uploads\/usu658\/2025\/01\/20250124_110209-2048x1536.jpg 2048w, https:\/\/agora.xtec.cat\/ceip-falba\/wp-content\/uploads\/usu658\/2025\/01\/20250124_110209-200x150.jpg 200w\" sizes=\"auto, (max-width: 300px) 100vw, 300px\" \/><\/a>\n\t\t\t<\/dt><\/dl><dl class='gallery-item'>\n\t\t\t<dt class='gallery-icon landscape'>\n\t\t\t\t<a href='https:\/\/agora.xtec.cat\/ceip-falba\/general\/visita-al-parc-de-bombers-una-experiencia-inoblidable\/attachment\/20250124_110937-2\/'><img loading=\"lazy\" decoding=\"async\" width=\"300\" height=\"225\" src=\"https:\/\/agora.xtec.cat\/ceip-falba\/wp-content\/uploads\/usu658\/2025\/01\/20250124_110937-1-300x225.jpg\" class=\"attachment-medium size-medium\" alt=\"\" srcset=\"https:\/\/agora.xtec.cat\/ceip-falba\/wp-content\/uploads\/usu658\/2025\/01\/20250124_110937-1-300x225.jpg 300w, https:\/\/agora.xtec.cat\/ceip-falba\/wp-content\/uploads\/usu658\/2025\/01\/20250124_110937-1-1024x768.jpg 1024w, https:\/\/agora.xtec.cat\/ceip-falba\/wp-content\/uploads\/usu658\/2025\/01\/20250124_110937-1-768x576.jpg 768w, https:\/\/agora.xtec.cat\/ceip-falba\/wp-content\/uploads\/usu658\/2025\/01\/20250124_110937-1-1536x1152.jpg 1536w, https:\/\/agora.xtec.cat\/ceip-falba\/wp-content\/uploads\/usu658\/2025\/01\/20250124_110937-1-2048x1536.jpg 2048w, https:\/\/agora.xtec.cat\/ceip-falba\/wp-content\/uploads\/usu658\/2025\/01\/20250124_110937-1-200x150.jpg 200w\" sizes=\"auto, (max-width: 300px) 100vw, 300px\" \/><\/a>\n\t\t\t<\/dt><\/dl><br style=\"clear: both\" \/>\n\t\t<\/div>\n\n","protected":false},"excerpt":{"rendered":"<p>El passat divendres, els nens i nenes de 1r van tenir l&#8217;oportunitat de visitar el Parc de Bombers de la nostra ciutat. Va ser una jornada emocionant i plena d&#8217;aprenentatges!<br \/>\nDurant la visita, els bombers ens van explicar en qu\u00e8 consisteix la seva feina di\u00e0ria i&hellip;  <a href=\"https:\/\/agora.xtec.cat\/ceip-falba\/general\/visita-al-parc-de-bombers-una-experiencia-inoblidable\/\" title=\"Read Visita al Parc de Bombers: Una experi\u00e8ncia inoblidable!\">Llegeix m\u00e9s\u00bb<\/a><\/p>\n","protected":false},"author":61,"featured_media":12783,"comment_status":"closed","ping_status":"closed","sticky":false,"template":"","format":"standard","meta":{"_bbp_topic_count":0,"_bbp_reply_count":0,"_bbp_total_topic_count":0,"_bbp_total_reply_count":0,"_bbp_voice_count":0,"_bbp_anonymous_reply_count":0,"_bbp_topic_count_hidden":0,"_bbp_reply_count_hidden":0,"_bbp_forum_subforum_count":0,"footnotes":""},"categories":[10,442,453,513,1,4,5,427],"tags":[],"class_list":["post-12782","post","type-post","status-publish","format-standard","has-post-thumbnail","hentry","category-1r","category-comunitat-mitjana","category-contextos-daprenentatge","category-curs-2024-25","category-general","category-portada","category-primaria","category-sortida"],"post_mailing_queue_ids":[],"_links":{"self":[{"href":"https:\/\/agora.xtec.cat\/ceip-falba\/wp-json\/wp\/v2\/posts\/12782","targetHints":{"allow":["GET"]}}],"collection":[{"href":"https:\/\/agora.xtec.cat\/ceip-falba\/wp-json\/wp\/v2\/posts"}],"about":[{"href":"https:\/\/agora.xtec.cat\/ceip-falba\/wp-json\/wp\/v2\/types\/post"}],"author":[{"embeddable":true,"href":"https:\/\/agora.xtec.cat\/ceip-falba\/wp-json\/wp\/v2\/users\/61"}],"replies":[{"embeddable":true,"href":"https:\/\/agora.xtec.cat\/ceip-falba\/wp-json\/wp\/v2\/comments?post=12782"}],"version-history":[{"count":6,"href":"https:\/\/agora.xtec.cat\/ceip-falba\/wp-json\/wp\/v2\/posts\/12782\/revisions"}],"predecessor-version":[{"id":12803,"href":"https:\/\/agora.xtec.cat\/ceip-falba\/wp-json\/wp\/v2\/posts\/12782\/revisions\/12803"}],"wp:featuredmedia":[{"embeddable":true,"href":"https:\/\/agora.xtec.cat\/ceip-falba\/wp-json\/wp\/v2\/media\/12783"}],"wp:attachment":[{"href":"https:\/\/agora.xtec.cat\/ceip-falba\/wp-json\/wp\/v2\/media?parent=12782"}],"wp:term":[{"taxonomy":"category","embeddable":true,"href":"https:\/\/agora.xtec.cat\/ceip-falba\/wp-json\/wp\/v2\/categories?post=12782"},{"taxonomy":"post_tag","embeddable":true,"href":"https:\/\/agora.xtec.cat\/ceip-falba\/wp-json\/wp\/v2\/tags?post=12782"}],"curies":[{"name":"wp","href":"https:\/\/api.w.org\/{rel}","templated":true}]}}