{"id":12770,"date":"2025-01-20T17:22:07","date_gmt":"2025-01-20T16:22:07","guid":{"rendered":"https:\/\/agora.xtec.cat\/ceip-falba\/?p=12770"},"modified":"2025-01-20T17:22:07","modified_gmt":"2025-01-20T16:22:07","slug":"ivan-forcadell-ordenant-les-arrels","status":"publish","type":"post","link":"https:\/\/agora.xtec.cat\/ceip-falba\/general\/ivan-forcadell-ordenant-les-arrels\/","title":{"rendered":"IVAN FORCADELL. Ordenant les arrels"},"content":{"rendered":"<p>L&#8217;alumnat de 4t i 5\u00e8 ha anat a La Factoria Cultural a veure Ordenant les arrels, una instal\u00b7laci\u00f3 d\u2019art de pintura i dibuix de l\u2018artista Ivan Forcadell. En aquesta instal\u00b7laci\u00f3 hi havien 3 obres: la primera eren\u00a0 desenes de fulls quadriculats de llibreta pintats de color blau i amb noms i n\u00fameros escrits que ocupaven v\u00e0ries sales. La segona, una pintura mural de 7 metres de llarg i 2 metres d\u2019alt. I la tercera,\u00a099 sanefes de formes i colors diferents, dibuixades en fulls quadriculats de llibreta.<\/p>\n<p>L\u2019Ivan Forcadell \u00e9s un artista Pop que explica la manera de ser i de viure de la gent de la seva terra, Alcanar. Una altra caracter\u00edstica del seu art \u00e9s el seu estil art\u00edstic que ell mateix defineix com<br \/>\na Pop Brut, un nom molt expressiu per descriure l\u2019aspecte impactant i exagerat de les seves obres.<\/p>\n<p>Despr\u00e9s de visitar la instal\u00b7laci\u00f3 i participar d&#8217;unes converses molt interessants sobre l&#8217;obra d&#8217;aquest jove artista, els nens i nenes van poder crear les seves pr\u00f2pies obres. Va ser una jornada molt productiva i a la vegada divertida. Aqu\u00ed teniu una mostra de tot el que van fer.<\/p>\n<p><a href=\"https:\/\/drive.google.com\/drive\/folders\/1wn8rmcTJHVqpnSpyWYvdbgIRvUvLiJWX?usp=sharing\">Fotos<\/a><\/p>\n","protected":false},"excerpt":{"rendered":"<p>L&#8217;alumnat de 4t i 5\u00e8 ha anat a La Factoria Cultural a veure Ordenant les arrels, una instal\u00b7laci\u00f3 d\u2019art de pintura i dibuix de l\u2018artista Ivan Forcadell. En aquesta instal\u00b7laci\u00f3 hi havien 3 obres: la primera eren\u00a0 desenes de fulls quadriculats de llibreta pintats de&hellip;  <a href=\"https:\/\/agora.xtec.cat\/ceip-falba\/general\/ivan-forcadell-ordenant-les-arrels\/\" title=\"Read IVAN FORCADELL. Ordenant les arrels\">Llegeix m\u00e9s\u00bb<\/a><\/p>\n","protected":false},"author":94,"featured_media":12771,"comment_status":"closed","ping_status":"closed","sticky":false,"template":"","format":"standard","meta":{"_bbp_topic_count":0,"_bbp_reply_count":0,"_bbp_total_topic_count":0,"_bbp_total_reply_count":0,"_bbp_voice_count":0,"_bbp_anonymous_reply_count":0,"_bbp_topic_count_hidden":0,"_bbp_reply_count_hidden":0,"_bbp_forum_subforum_count":0,"footnotes":""},"categories":[211,14,527,445,513,1,4,5],"tags":[],"class_list":["post-12770","post","type-post","status-publish","format-standard","has-post-thumbnail","hentry","category-4t","category-5e","category-art","category-comunitat-gran","category-curs-2024-25","category-general","category-portada","category-primaria"],"post_mailing_queue_ids":[],"_links":{"self":[{"href":"https:\/\/agora.xtec.cat\/ceip-falba\/wp-json\/wp\/v2\/posts\/12770","targetHints":{"allow":["GET"]}}],"collection":[{"href":"https:\/\/agora.xtec.cat\/ceip-falba\/wp-json\/wp\/v2\/posts"}],"about":[{"href":"https:\/\/agora.xtec.cat\/ceip-falba\/wp-json\/wp\/v2\/types\/post"}],"author":[{"embeddable":true,"href":"https:\/\/agora.xtec.cat\/ceip-falba\/wp-json\/wp\/v2\/users\/94"}],"replies":[{"embeddable":true,"href":"https:\/\/agora.xtec.cat\/ceip-falba\/wp-json\/wp\/v2\/comments?post=12770"}],"version-history":[{"count":2,"href":"https:\/\/agora.xtec.cat\/ceip-falba\/wp-json\/wp\/v2\/posts\/12770\/revisions"}],"predecessor-version":[{"id":12773,"href":"https:\/\/agora.xtec.cat\/ceip-falba\/wp-json\/wp\/v2\/posts\/12770\/revisions\/12773"}],"wp:featuredmedia":[{"embeddable":true,"href":"https:\/\/agora.xtec.cat\/ceip-falba\/wp-json\/wp\/v2\/media\/12771"}],"wp:attachment":[{"href":"https:\/\/agora.xtec.cat\/ceip-falba\/wp-json\/wp\/v2\/media?parent=12770"}],"wp:term":[{"taxonomy":"category","embeddable":true,"href":"https:\/\/agora.xtec.cat\/ceip-falba\/wp-json\/wp\/v2\/categories?post=12770"},{"taxonomy":"post_tag","embeddable":true,"href":"https:\/\/agora.xtec.cat\/ceip-falba\/wp-json\/wp\/v2\/tags?post=12770"}],"curies":[{"name":"wp","href":"https:\/\/api.w.org\/{rel}","templated":true}]}}