{"id":12752,"date":"2025-01-17T12:56:01","date_gmt":"2025-01-17T11:56:01","guid":{"rendered":"https:\/\/agora.xtec.cat\/ceip-falba\/?p=12752"},"modified":"2025-01-21T11:32:43","modified_gmt":"2025-01-21T10:32:43","slug":"la-cantania-avanca","status":"publish","type":"post","link":"https:\/\/agora.xtec.cat\/ceip-falba\/general\/la-cantania-avanca\/","title":{"rendered":"La Cantania avan\u00e7a!"},"content":{"rendered":"<div dir=\"auto\"><\/div>\n<div dir=\"auto\">\n<p><span style=\"font-weight: 400;\">Dimarts 14 de gener, a l&#8217;Auditori de Barcelona, es va dur a terme la segona formaci\u00f3 del projecte Cantania que aquest any es titula<strong> &#8220;REAL&#8221;<\/strong>. L&#8217;argument va de la relaci\u00f3 que hi ha entre realitat i ficci\u00f3, com ens captiven les noves tecnologies i, de vegades, fins i tot ens atrapen tant que ens poden treure el m\u00f3n de vista.\u00a0<\/span><\/p>\n<\/div>\n<p><span style=\"font-weight: 400;\">A la formaci\u00f3 els especialistes de m\u00fasica van treballar els temes musicals i les coreografies que tant ens sorprenen cada any!<\/span><\/p>\n<div dir=\"auto\">\n<p><span style=\"font-weight: 400;\">No volem que us perdeu aquest moment! <\/span><span style=\"font-weight: 400;\">Reserveu-vos el dia a la vostra agenda: d<\/span><span style=\"font-family: inherit; font-size: 1em;\">ia 12\/05\/25 a les 11:30 a l&#8217;Auditori de Barcelona. <\/span><strong style=\"font-family: inherit; font-size: 1em;\">Families de 5\u00e8, esteu convidades a venir al concert! US ESPEREM!<\/strong><\/p>\n<\/div>\n<p>Estem molt emocionats perqu\u00e8 avui comencem el primer tema amb la can\u00e7\u00f3 de la Vera i l&#8217;Ernest, els protagonistes d&#8217;aquesta hist\u00f2ria. Estem preparats per l&#8217;aventura!<\/p>\n<p>Us deixem amb imatges de l&#8217;Auditori de Barcelona, on anirem a fer el concert i una sala diferent on els especialistes de m\u00fasica vam fer la formaci\u00f3. Aquest curs ens ha tocat cantar com a cor 4. A les dues darreres imatges, els core\u00f2grafs ens estan ensenyant a fer els moviments de les can\u00e7ons.<\/p>\n<p>&nbsp;<\/p>\n<div dir=\"auto\"><a href=\"https:\/\/agora.xtec.cat\/ceip-falba\/wp-content\/uploads\/usu658\/2025\/01\/1737038078362-scaled.jpg\"><img loading=\"lazy\" decoding=\"async\" class=\"alignnone wp-image-12757 \" src=\"https:\/\/agora.xtec.cat\/ceip-falba\/wp-content\/uploads\/usu658\/2025\/01\/1737038078362-scaled-e1737114260732-135x300.jpg\" alt=\"\" width=\"91\" height=\"202\" srcset=\"https:\/\/agora.xtec.cat\/ceip-falba\/wp-content\/uploads\/usu658\/2025\/01\/1737038078362-scaled-e1737114260732-135x300.jpg 135w, https:\/\/agora.xtec.cat\/ceip-falba\/wp-content\/uploads\/usu658\/2025\/01\/1737038078362-scaled-e1737114260732-461x1024.jpg 461w, https:\/\/agora.xtec.cat\/ceip-falba\/wp-content\/uploads\/usu658\/2025\/01\/1737038078362-scaled-e1737114260732-768x1707.jpg 768w, https:\/\/agora.xtec.cat\/ceip-falba\/wp-content\/uploads\/usu658\/2025\/01\/1737038078362-scaled-e1737114260732-691x1536.jpg 691w, https:\/\/agora.xtec.cat\/ceip-falba\/wp-content\/uploads\/usu658\/2025\/01\/1737038078362-scaled-e1737114260732-922x2048.jpg 922w, https:\/\/agora.xtec.cat\/ceip-falba\/wp-content\/uploads\/usu658\/2025\/01\/1737038078362-scaled-e1737114260732.jpg 1152w\" sizes=\"auto, (max-width: 91px) 100vw, 91px\" \/>\u00a0 \u00a0 \u00a0 \u00a0 \u00a0<\/a><a href=\"https:\/\/agora.xtec.cat\/ceip-falba\/wp-content\/uploads\/usu658\/2025\/01\/1737038078423-scaled.jpg\"><img loading=\"lazy\" decoding=\"async\" class=\"alignnone wp-image-12761 \" src=\"https:\/\/agora.xtec.cat\/ceip-falba\/wp-content\/uploads\/usu658\/2025\/01\/1737038078423-scaled-e1737114316391-135x300.jpg\" alt=\"\" width=\"90\" height=\"200\" srcset=\"https:\/\/agora.xtec.cat\/ceip-falba\/wp-content\/uploads\/usu658\/2025\/01\/1737038078423-scaled-e1737114316391-135x300.jpg 135w, https:\/\/agora.xtec.cat\/ceip-falba\/wp-content\/uploads\/usu658\/2025\/01\/1737038078423-scaled-e1737114316391-461x1024.jpg 461w, https:\/\/agora.xtec.cat\/ceip-falba\/wp-content\/uploads\/usu658\/2025\/01\/1737038078423-scaled-e1737114316391-768x1707.jpg 768w, https:\/\/agora.xtec.cat\/ceip-falba\/wp-content\/uploads\/usu658\/2025\/01\/1737038078423-scaled-e1737114316391-691x1536.jpg 691w, https:\/\/agora.xtec.cat\/ceip-falba\/wp-content\/uploads\/usu658\/2025\/01\/1737038078423-scaled-e1737114316391-922x2048.jpg 922w, https:\/\/agora.xtec.cat\/ceip-falba\/wp-content\/uploads\/usu658\/2025\/01\/1737038078423-scaled-e1737114316391.jpg 1152w\" sizes=\"auto, (max-width: 90px) 100vw, 90px\" \/><\/a> \u00a0 \u00a0 \u00a0 \u00a0<a href=\"https:\/\/agora.xtec.cat\/ceip-falba\/wp-content\/uploads\/usu658\/2025\/01\/1737038078375-scaled.jpg\"><img loading=\"lazy\" decoding=\"async\" class=\"alignnone wp-image-12758 \" src=\"https:\/\/agora.xtec.cat\/ceip-falba\/wp-content\/uploads\/usu658\/2025\/01\/1737038078375-scaled-e1737114273540-135x300.jpg\" alt=\"\" width=\"90\" height=\"200\" srcset=\"https:\/\/agora.xtec.cat\/ceip-falba\/wp-content\/uploads\/usu658\/2025\/01\/1737038078375-scaled-e1737114273540-135x300.jpg 135w, https:\/\/agora.xtec.cat\/ceip-falba\/wp-content\/uploads\/usu658\/2025\/01\/1737038078375-scaled-e1737114273540-461x1024.jpg 461w, https:\/\/agora.xtec.cat\/ceip-falba\/wp-content\/uploads\/usu658\/2025\/01\/1737038078375-scaled-e1737114273540-768x1707.jpg 768w, https:\/\/agora.xtec.cat\/ceip-falba\/wp-content\/uploads\/usu658\/2025\/01\/1737038078375-scaled-e1737114273540-691x1536.jpg 691w, https:\/\/agora.xtec.cat\/ceip-falba\/wp-content\/uploads\/usu658\/2025\/01\/1737038078375-scaled-e1737114273540-922x2048.jpg 922w, https:\/\/agora.xtec.cat\/ceip-falba\/wp-content\/uploads\/usu658\/2025\/01\/1737038078375-scaled-e1737114273540.jpg 1152w\" sizes=\"auto, (max-width: 90px) 100vw, 90px\" \/> \u00a0 \u00a0 \u00a0<\/a><img loading=\"lazy\" decoding=\"async\" class=\"alignnone wp-image-12755 \" src=\"https:\/\/agora.xtec.cat\/ceip-falba\/wp-content\/uploads\/usu658\/2025\/01\/1737037705986-scaled-e1737114246856-135x300.jpg\" alt=\"\" width=\"90\" height=\"199\" data-wp-editing=\"1\" srcset=\"https:\/\/agora.xtec.cat\/ceip-falba\/wp-content\/uploads\/usu658\/2025\/01\/1737037705986-scaled-e1737114246856-135x300.jpg 135w, https:\/\/agora.xtec.cat\/ceip-falba\/wp-content\/uploads\/usu658\/2025\/01\/1737037705986-scaled-e1737114246856-461x1024.jpg 461w, https:\/\/agora.xtec.cat\/ceip-falba\/wp-content\/uploads\/usu658\/2025\/01\/1737037705986-scaled-e1737114246856-768x1707.jpg 768w, https:\/\/agora.xtec.cat\/ceip-falba\/wp-content\/uploads\/usu658\/2025\/01\/1737037705986-scaled-e1737114246856-691x1536.jpg 691w, https:\/\/agora.xtec.cat\/ceip-falba\/wp-content\/uploads\/usu658\/2025\/01\/1737037705986-scaled-e1737114246856-922x2048.jpg 922w, https:\/\/agora.xtec.cat\/ceip-falba\/wp-content\/uploads\/usu658\/2025\/01\/1737037705986-scaled-e1737114246856.jpg 1152w\" sizes=\"auto, (max-width: 90px) 100vw, 90px\" \/><\/div>\n<div dir=\"auto\"><\/div>\n<div dir=\"auto\"><\/div>\n<div dir=\"auto\"><\/div>\n<div dir=\"auto\"><\/div>\n<div dir=\"auto\"><\/div>\n<div dir=\"auto\"><\/div>\n<div dir=\"auto\"><\/div>\n<div dir=\"auto\"><\/div>\n<div dir=\"auto\"><\/div>\n<div dir=\"auto\"><\/div>\n<div dir=\"auto\"><\/div>\n<div dir=\"auto\"><\/div>\n<div dir=\"auto\"><\/div>\n<div dir=\"auto\"><\/div>\n<div dir=\"auto\"><\/div>\n<div dir=\"auto\"><\/div>\n<div dir=\"auto\"><\/div>\n<div dir=\"auto\"><\/div>\n<div dir=\"auto\"><\/div>\n<div dir=\"auto\"><\/div>\n<div dir=\"auto\"><\/div>\n<div dir=\"auto\"><\/div>\n<div dir=\"auto\"><\/div>\n<div dir=\"auto\"><\/div>\n<div dir=\"auto\"><\/div>\n<div dir=\"auto\"><\/div>\n<div dir=\"auto\"><\/div>\n<div dir=\"auto\"><\/div>\n<div dir=\"auto\"><\/div>\n<div dir=\"auto\"><\/div>\n<div dir=\"auto\"><\/div>\n<div dir=\"auto\"><\/div>\n","protected":false},"excerpt":{"rendered":"<p>Dimarts 14 de gener, a l&#8217;Auditori de Barcelona, es va dur a terme la segona formaci\u00f3 del projecte Cantania: REAL. Es van treballar els temes musicals i les coreografies que tant ens sorprenen cada any.&hellip;  <a href=\"https:\/\/agora.xtec.cat\/ceip-falba\/general\/la-cantania-avanca\/\" title=\"Read La Cantania avan\u00e7a!\">Llegeix m\u00e9s\u00bb<\/a><\/p>\n","protected":false},"author":92,"featured_media":12757,"comment_status":"closed","ping_status":"closed","sticky":false,"template":"","format":"standard","meta":{"_bbp_topic_count":0,"_bbp_reply_count":0,"_bbp_total_topic_count":0,"_bbp_total_reply_count":0,"_bbp_voice_count":0,"_bbp_anonymous_reply_count":0,"_bbp_topic_count_hidden":0,"_bbp_reply_count_hidden":0,"_bbp_forum_subforum_count":0,"footnotes":""},"categories":[14,464,1,34,507,4],"tags":[],"class_list":["post-12752","post","type-post","status-publish","format-standard","has-post-thumbnail","hentry","category-5e","category-cantania","category-general","category-musica","category-musica-2","category-portada"],"post_mailing_queue_ids":[],"_links":{"self":[{"href":"https:\/\/agora.xtec.cat\/ceip-falba\/wp-json\/wp\/v2\/posts\/12752","targetHints":{"allow":["GET"]}}],"collection":[{"href":"https:\/\/agora.xtec.cat\/ceip-falba\/wp-json\/wp\/v2\/posts"}],"about":[{"href":"https:\/\/agora.xtec.cat\/ceip-falba\/wp-json\/wp\/v2\/types\/post"}],"author":[{"embeddable":true,"href":"https:\/\/agora.xtec.cat\/ceip-falba\/wp-json\/wp\/v2\/users\/92"}],"replies":[{"embeddable":true,"href":"https:\/\/agora.xtec.cat\/ceip-falba\/wp-json\/wp\/v2\/comments?post=12752"}],"version-history":[{"count":6,"href":"https:\/\/agora.xtec.cat\/ceip-falba\/wp-json\/wp\/v2\/posts\/12752\/revisions"}],"predecessor-version":[{"id":12776,"href":"https:\/\/agora.xtec.cat\/ceip-falba\/wp-json\/wp\/v2\/posts\/12752\/revisions\/12776"}],"wp:featuredmedia":[{"embeddable":true,"href":"https:\/\/agora.xtec.cat\/ceip-falba\/wp-json\/wp\/v2\/media\/12757"}],"wp:attachment":[{"href":"https:\/\/agora.xtec.cat\/ceip-falba\/wp-json\/wp\/v2\/media?parent=12752"}],"wp:term":[{"taxonomy":"category","embeddable":true,"href":"https:\/\/agora.xtec.cat\/ceip-falba\/wp-json\/wp\/v2\/categories?post=12752"},{"taxonomy":"post_tag","embeddable":true,"href":"https:\/\/agora.xtec.cat\/ceip-falba\/wp-json\/wp\/v2\/tags?post=12752"}],"curies":[{"name":"wp","href":"https:\/\/api.w.org\/{rel}","templated":true}]}}