{"id":12743,"date":"2024-12-20T17:39:00","date_gmt":"2024-12-20T16:39:00","guid":{"rendered":"https:\/\/agora.xtec.cat\/ceip-falba\/?p=12743"},"modified":"2024-12-20T17:39:54","modified_gmt":"2024-12-20T16:39:54","slug":"el-nadal-a-lescola-font-de-lalba","status":"publish","type":"post","link":"https:\/\/agora.xtec.cat\/ceip-falba\/general\/el-nadal-a-lescola-font-de-lalba\/","title":{"rendered":"El Nadal a l&#8217;escola Font de l&#8217;Alba"},"content":{"rendered":"<p data-pm-slice=\"1 1 []\">Bon dia fam\u00edlies!<\/p>\n<p>Aquests dies a l&#8217;escola s\u00f3n dies especials. Estem gaudint d&#8217;activitats diferents i m\u00e0giques: Fent cagar el ti\u00f3, fent l&#8217;amic invisible entre padrins\/es i fillols\/es, l&#8217;arribada del patge Xiu-Liu al centre&#8230; Tamb\u00e9 estem compartint i gaudint de tradicions com el quinto i la xocolatada, amb l&#8217;alumnat de sis\u00e8 com a ajudants per acabar d&#8217;endolcir aquests dies.<\/p>\n<p>A m\u00e9s, gr\u00e0cies al material que ens ha fet arribar l&#8217;associaci\u00f3 de ve\u00efns de Can Tusell hem pogut guarnir els accessos a l&#8217;escola.<\/p>\n<p>L&#8217;Alumnat espera aquest dies amb ganes i il\u00b7lusi\u00f3, ja que ens ajuden a fer caliu d&#8217;escola, fomentant valors com: l&#8217;estima cap als altres, la creativitat, el sentiment de pertinen\u00e7a i el treball col\u00b7laboratiu.<\/p>\n<p>L&#8217;equip educatiu de l&#8217;escola font de l&#8217;Alba us desitja bones festes.<\/p>\n<p>&nbsp;<\/p>\n<p><a href=\"https:\/\/drive.google.com\/drive\/folders\/1HNAcxDu750G0fJepjW7UXCNDAt1ccrsf?usp=drive_link\">Aqu\u00ed teniu alguns del moments compartits.<\/a><\/p>\n","protected":false},"excerpt":{"rendered":"<p>Bon dia fam\u00edlies!<br \/>\nAquests dies a l&#8217;escola s\u00f3n dies especials. Estem gaudint d&#8217;activitats diferents i m\u00e0giques: Fent cagar el ti\u00f3, fent l&#8217;amic invisible entre padrins\/es i fillols\/es, l&#8217;arribada del patge Xiu-Liu al centre&#8230; Tamb\u00e9 estem compartint i gaudint de tradicions com el quinto i la xocolatada,&hellip;  <a href=\"https:\/\/agora.xtec.cat\/ceip-falba\/general\/el-nadal-a-lescola-font-de-lalba\/\" title=\"Read El Nadal a l&#8217;escola Font de l&#8217;Alba\">Llegeix m\u00e9s\u00bb<\/a><\/p>\n","protected":false},"author":1,"featured_media":12750,"comment_status":"closed","ping_status":"closed","sticky":false,"template":"","format":"standard","meta":{"_bbp_topic_count":0,"_bbp_reply_count":0,"_bbp_total_topic_count":0,"_bbp_total_reply_count":0,"_bbp_voice_count":0,"_bbp_anonymous_reply_count":0,"_bbp_topic_count_hidden":0,"_bbp_reply_count_hidden":0,"_bbp_forum_subforum_count":0,"footnotes":""},"categories":[513,35,1,2,157,4,5],"tags":[],"class_list":["post-12743","post","type-post","status-publish","format-standard","has-post-thumbnail","hentry","category-curs-2024-25","category-festes","category-general","category-infantil","category-nadal","category-portada","category-primaria"],"post_mailing_queue_ids":[],"_links":{"self":[{"href":"https:\/\/agora.xtec.cat\/ceip-falba\/wp-json\/wp\/v2\/posts\/12743","targetHints":{"allow":["GET"]}}],"collection":[{"href":"https:\/\/agora.xtec.cat\/ceip-falba\/wp-json\/wp\/v2\/posts"}],"about":[{"href":"https:\/\/agora.xtec.cat\/ceip-falba\/wp-json\/wp\/v2\/types\/post"}],"author":[{"embeddable":true,"href":"https:\/\/agora.xtec.cat\/ceip-falba\/wp-json\/wp\/v2\/users\/1"}],"replies":[{"embeddable":true,"href":"https:\/\/agora.xtec.cat\/ceip-falba\/wp-json\/wp\/v2\/comments?post=12743"}],"version-history":[{"count":2,"href":"https:\/\/agora.xtec.cat\/ceip-falba\/wp-json\/wp\/v2\/posts\/12743\/revisions"}],"predecessor-version":[{"id":12749,"href":"https:\/\/agora.xtec.cat\/ceip-falba\/wp-json\/wp\/v2\/posts\/12743\/revisions\/12749"}],"wp:featuredmedia":[{"embeddable":true,"href":"https:\/\/agora.xtec.cat\/ceip-falba\/wp-json\/wp\/v2\/media\/12750"}],"wp:attachment":[{"href":"https:\/\/agora.xtec.cat\/ceip-falba\/wp-json\/wp\/v2\/media?parent=12743"}],"wp:term":[{"taxonomy":"category","embeddable":true,"href":"https:\/\/agora.xtec.cat\/ceip-falba\/wp-json\/wp\/v2\/categories?post=12743"},{"taxonomy":"post_tag","embeddable":true,"href":"https:\/\/agora.xtec.cat\/ceip-falba\/wp-json\/wp\/v2\/tags?post=12743"}],"curies":[{"name":"wp","href":"https:\/\/api.w.org\/{rel}","templated":true}]}}