{"id":12737,"date":"2024-12-20T11:41:01","date_gmt":"2024-12-20T10:41:01","guid":{"rendered":"https:\/\/agora.xtec.cat\/ceip-falba\/?p=12737"},"modified":"2024-12-20T11:42:36","modified_gmt":"2024-12-20T10:42:36","slug":"concert-de-nadal-2024-2","status":"publish","type":"post","link":"https:\/\/agora.xtec.cat\/ceip-falba\/infantil\/concert-de-nadal-2024-2\/","title":{"rendered":"Concert de Nadal 2024"},"content":{"rendered":"<p>Benvolgudes fam\u00edlies,<\/p>\n<p>Un any m\u00e9s hem celebrat el final del trimestre amb un Concert de Nadal on participem tots els alumnes de l&#8217;escola des de I3 fins a 6\u00e8 amb diferents propostes musicals, cantades i ballades, per poder celebrar aquesta \u00e8poca nadalenca tan m\u00e0gica i especial.<\/p>\n<p><strong>Programa del Concert de Nadal 2024:\u00a0<\/strong><\/p>\n<p><span style=\"font-weight: 400;\">I3 &#8211; L\u2019estrella + Good night.<\/span><span style=\"font-weight: 400;\">\u00a0\u00a0\u00a0\u00a0<\/span><\/p>\n<p><span style=\"font-weight: 400;\">I4 &#8211; I\u2019m a little snowman + He fet un ninot de neu.<\/span><\/p>\n<p><span style=\"font-weight: 400;\">I5 &#8211; Jazzy Gingerbread Man.<\/span><\/p>\n<p><span style=\"font-weight: 400;\">1r &#8211; Potpurri: Ara ve Nadal, Caga Ti\u00f3, We wish you a Merry Christmas.<\/span><\/p>\n<p><span style=\"font-weight: 400;\">2n &#8211; Potpurri: Fum fum fum, El noi de la mare i Deck the halls.<\/span><\/p>\n<p><span style=\"font-weight: 400;\">3r &#8211; Potpurri: White Christmas, Ding dang dong.<\/span><\/p>\n<p><span style=\"font-weight: 400;\">4t &#8211; I want a Hippopotamus for Christmas.<\/span><\/p>\n<p><span style=\"font-weight: 400;\">5\u00e8 &#8211; When I grow up &#8211; Quan sigui gran.<\/span><\/p>\n<p><span style=\"font-weight: 400;\">6\u00e8 &#8211; Ol\u00edvia (The Tyets)<\/span><\/p>\n<p>Us deixem amb el v\u00eddeo:<\/p>\n<p style=\"text-align: center;\"><iframe loading=\"lazy\" src=\"\/\/www.youtube.com\/embed\/8WdZl4u9Dq4\" width=\"560\" height=\"314\" allowfullscreen=\"allowfullscreen\"><\/iframe><\/p>\n","protected":false},"excerpt":{"rendered":"<p>Un any m\u00e9s hem celebrat el final del trimestre amb un Concert de Nadal on participem tots els alumnes de l&#8217;escola des de I3 fins a 6\u00e8 amb diferents propostes musicals.&hellip;  <a href=\"https:\/\/agora.xtec.cat\/ceip-falba\/infantil\/concert-de-nadal-2024-2\/\" title=\"Read Concert de Nadal 2024\">Llegeix m\u00e9s\u00bb<\/a><\/p>\n","protected":false},"author":92,"featured_media":12738,"comment_status":"closed","ping_status":"closed","sticky":false,"template":"","format":"standard","meta":{"_bbp_topic_count":0,"_bbp_reply_count":0,"_bbp_total_topic_count":0,"_bbp_total_reply_count":0,"_bbp_voice_count":0,"_bbp_anonymous_reply_count":0,"_bbp_topic_count_hidden":0,"_bbp_reply_count_hidden":0,"_bbp_forum_subforum_count":0,"footnotes":""},"categories":[10,11,12,211,14,15,445,442,340,513,35,3,8,9,2,507,157,4,5],"tags":[],"class_list":["post-12737","post","type-post","status-publish","format-standard","has-post-thumbnail","hentry","category-1r","category-2n","category-3r","category-4t","category-5e","category-6e","category-comunitat-gran","category-comunitat-mitjana","category-comunitat-de-petits","category-curs-2024-25","category-festes","category-p3","category-p4","category-p5","category-infantil","category-musica-2","category-nadal","category-portada","category-primaria"],"post_mailing_queue_ids":[],"_links":{"self":[{"href":"https:\/\/agora.xtec.cat\/ceip-falba\/wp-json\/wp\/v2\/posts\/12737","targetHints":{"allow":["GET"]}}],"collection":[{"href":"https:\/\/agora.xtec.cat\/ceip-falba\/wp-json\/wp\/v2\/posts"}],"about":[{"href":"https:\/\/agora.xtec.cat\/ceip-falba\/wp-json\/wp\/v2\/types\/post"}],"author":[{"embeddable":true,"href":"https:\/\/agora.xtec.cat\/ceip-falba\/wp-json\/wp\/v2\/users\/92"}],"replies":[{"embeddable":true,"href":"https:\/\/agora.xtec.cat\/ceip-falba\/wp-json\/wp\/v2\/comments?post=12737"}],"version-history":[{"count":1,"href":"https:\/\/agora.xtec.cat\/ceip-falba\/wp-json\/wp\/v2\/posts\/12737\/revisions"}],"predecessor-version":[{"id":12739,"href":"https:\/\/agora.xtec.cat\/ceip-falba\/wp-json\/wp\/v2\/posts\/12737\/revisions\/12739"}],"wp:featuredmedia":[{"embeddable":true,"href":"https:\/\/agora.xtec.cat\/ceip-falba\/wp-json\/wp\/v2\/media\/12738"}],"wp:attachment":[{"href":"https:\/\/agora.xtec.cat\/ceip-falba\/wp-json\/wp\/v2\/media?parent=12737"}],"wp:term":[{"taxonomy":"category","embeddable":true,"href":"https:\/\/agora.xtec.cat\/ceip-falba\/wp-json\/wp\/v2\/categories?post=12737"},{"taxonomy":"post_tag","embeddable":true,"href":"https:\/\/agora.xtec.cat\/ceip-falba\/wp-json\/wp\/v2\/tags?post=12737"}],"curies":[{"name":"wp","href":"https:\/\/api.w.org\/{rel}","templated":true}]}}