{"id":12724,"date":"2025-01-09T13:27:00","date_gmt":"2025-01-09T12:27:00","guid":{"rendered":"https:\/\/agora.xtec.cat\/ceip-falba\/?p=12724"},"modified":"2025-01-30T17:27:23","modified_gmt":"2025-01-30T16:27:23","slug":"museu-a-laula-les-primeres-vegades","status":"publish","type":"post","link":"https:\/\/agora.xtec.cat\/ceip-falba\/general\/museu-a-laula-les-primeres-vegades\/","title":{"rendered":"Museu a l&#8217;aula &#8220;Les primeres vegades&#8221;"},"content":{"rendered":"<p>L\u2019alumnat de cinqu\u00e8 han treballat intensament en el context &#8220;Les primeres vegades&#8221;, una tem\u00e0tica fascinant que ens ha perm\u00e8s descobrir les arrels de la nostra hist\u00f2ria i la relaci\u00f3 entre els \u00e9ssers humans i el seu entorn. <span style=\"font-weight: 400;\">Per compartir amb les fam\u00edlies tot el que han apr\u00e8s i creat, els alumnes van organitzar una exposici\u00f3 a l\u2019aula, on van mostrar el fruit de les seves investigacions.<\/span><\/p>\n<p><span style=\"font-weight: 400;\">L\u2019aula es va transformar en un espai ple de descobertes, amb maquetes de <\/span><b>dolmens i menhirs<\/b><span style=\"font-weight: 400;\"> constru\u00efdes pels alumnes. Aquestes construccions prehist\u00f2riques, que representen els primers monuments erigits pels humans, van ser recreades amb gran detall i dedicaci\u00f3.<\/span><\/p>\n<p><span style=\"font-weight: 400;\">A m\u00e9s de les maquetes, es va poder veure una <\/span><b>mostra de f\u00f2ssils<\/b><span style=\"font-weight: 400;\">, tamb\u00e9 creats pels alumnes. Aquesta part de l&#8217;exposici\u00f3 va permetre veure de manera pr\u00e0ctica com la ci\u00e8ncia i la hist\u00f2ria es poden vincular de manera m\u00e0gica a trav\u00e9s de l&#8217;observaci\u00f3 de restes de vida de fa milers d&#8217;anys.\u00a0<\/span><\/p>\n<p><span style=\"font-weight: 400;\">Una de les parts m\u00e9s emocionants de l&#8217;exposici\u00f3 va ser el moment en qu\u00e8 els alumnes van fer unes <strong>preguntes a les seves fam\u00edlies<\/strong>, basades en tot el que havien apr\u00e8s. Aquesta interacci\u00f3 va ser una oportunitat perqu\u00e8 els nens i nenes compartissin els seus coneixements amb les fam\u00edlies.<\/span><\/p>\n<p><span style=\"font-weight: 400;\">Gr\u00e0cies a totes les fam\u00edlies per la seva implicaci\u00f3 i per compartir aquest moment amb nosaltres! Esperem que aquesta experi\u00e8ncia hagi estat tan enriquidora per a vosaltres com ho ha estat per a l\u2019alumnat.<\/span><\/p>\n\n\t\t<style type=\"text\/css\">\n\t\t\t#gallery-1 {\n\t\t\t\tmargin: auto;\n\t\t\t}\n\t\t\t#gallery-1 .gallery-item {\n\t\t\t\tfloat: left;\n\t\t\t\tmargin-top: 10px;\n\t\t\t\ttext-align: center;\n\t\t\t\twidth: 33%;\n\t\t\t}\n\t\t\t#gallery-1 img {\n\t\t\t\tborder: 2px solid #cfcfcf;\n\t\t\t}\n\t\t\t#gallery-1 .gallery-caption {\n\t\t\t\tmargin-left: 0;\n\t\t\t}\n\t\t\t\/* see gallery_shortcode() in wp-includes\/media.php *\/\n\t\t<\/style>\n\t\t<div id='gallery-1' class='gallery galleryid-12724 gallery-columns-3 gallery-size-thumbnail'><dl class='gallery-item'>\n\t\t\t<dt class='gallery-icon landscape'>\n\t\t\t\t<a href='https:\/\/agora.xtec.cat\/ceip-falba\/general\/museu-a-laula-les-primeres-vegades\/attachment\/img_9210\/'><img loading=\"lazy\" decoding=\"async\" width=\"150\" height=\"150\" src=\"https:\/\/agora.xtec.cat\/ceip-falba\/wp-content\/uploads\/usu658\/2024\/12\/IMG_9210-150x150.jpg\" class=\"attachment-thumbnail size-thumbnail\" alt=\"\" \/><\/a>\n\t\t\t<\/dt><\/dl><dl class='gallery-item'>\n\t\t\t<dt class='gallery-icon portrait'>\n\t\t\t\t<a href='https:\/\/agora.xtec.cat\/ceip-falba\/general\/museu-a-laula-les-primeres-vegades\/attachment\/img_9212\/'><img loading=\"lazy\" decoding=\"async\" width=\"150\" height=\"150\" src=\"https:\/\/agora.xtec.cat\/ceip-falba\/wp-content\/uploads\/usu658\/2024\/12\/IMG_9212-150x150.jpg\" class=\"attachment-thumbnail size-thumbnail\" alt=\"\" \/><\/a>\n\t\t\t<\/dt><\/dl><dl class='gallery-item'>\n\t\t\t<dt class='gallery-icon landscape'>\n\t\t\t\t<a href='https:\/\/agora.xtec.cat\/ceip-falba\/general\/museu-a-laula-les-primeres-vegades\/attachment\/img_9215\/'><img loading=\"lazy\" decoding=\"async\" width=\"150\" height=\"150\" src=\"https:\/\/agora.xtec.cat\/ceip-falba\/wp-content\/uploads\/usu658\/2024\/12\/IMG_9215-150x150.jpg\" class=\"attachment-thumbnail size-thumbnail\" alt=\"Museu a l&#039;aula\" \/><\/a>\n\t\t\t<\/dt><\/dl><br style=\"clear: both\" \/><dl class='gallery-item'>\n\t\t\t<dt class='gallery-icon landscape'>\n\t\t\t\t<a href='https:\/\/agora.xtec.cat\/ceip-falba\/general\/museu-a-laula-les-primeres-vegades\/attachment\/img_9216\/'><img loading=\"lazy\" decoding=\"async\" width=\"150\" height=\"150\" src=\"https:\/\/agora.xtec.cat\/ceip-falba\/wp-content\/uploads\/usu658\/2024\/12\/IMG_9216-150x150.jpg\" class=\"attachment-thumbnail size-thumbnail\" alt=\"\" \/><\/a>\n\t\t\t<\/dt><\/dl><dl class='gallery-item'>\n\t\t\t<dt class='gallery-icon landscape'>\n\t\t\t\t<a href='https:\/\/agora.xtec.cat\/ceip-falba\/general\/museu-a-laula-les-primeres-vegades\/attachment\/img_9214\/'><img loading=\"lazy\" decoding=\"async\" width=\"150\" height=\"150\" src=\"https:\/\/agora.xtec.cat\/ceip-falba\/wp-content\/uploads\/usu658\/2024\/12\/IMG_9214-150x150.jpg\" class=\"attachment-thumbnail size-thumbnail\" alt=\"\" \/><\/a>\n\t\t\t<\/dt><\/dl><dl class='gallery-item'>\n\t\t\t<dt class='gallery-icon landscape'>\n\t\t\t\t<a href='https:\/\/agora.xtec.cat\/ceip-falba\/general\/museu-a-laula-les-primeres-vegades\/attachment\/img_9219\/'><img loading=\"lazy\" decoding=\"async\" width=\"150\" height=\"150\" src=\"https:\/\/agora.xtec.cat\/ceip-falba\/wp-content\/uploads\/usu658\/2024\/12\/IMG_9219-150x150.jpg\" class=\"attachment-thumbnail size-thumbnail\" alt=\"\" \/><\/a>\n\t\t\t<\/dt><\/dl><br style=\"clear: both\" \/>\n\t\t<\/div>\n\n<p>&nbsp;<\/p>\n","protected":false},"excerpt":{"rendered":"<p>L\u2019alumnat de cinqu\u00e8 han treballat intensament en el context &#8220;Les primeres vegades&#8221;, una tem\u00e0tica fascinant que ens ha perm\u00e8s descobrir les arrels de la nostra hist\u00f2ria i la relaci\u00f3 entre els \u00e9ssers humans i el seu entorn.&hellip;  <a href=\"https:\/\/agora.xtec.cat\/ceip-falba\/general\/museu-a-laula-les-primeres-vegades\/\" title=\"Read Museu a l&#8217;aula &#8220;Les primeres vegades&#8221;\">Llegeix m\u00e9s\u00bb<\/a><\/p>\n","protected":false},"author":1,"featured_media":12725,"comment_status":"closed","ping_status":"closed","sticky":false,"template":"","format":"standard","meta":{"_bbp_topic_count":0,"_bbp_reply_count":0,"_bbp_total_topic_count":0,"_bbp_total_reply_count":0,"_bbp_voice_count":0,"_bbp_anonymous_reply_count":0,"_bbp_topic_count_hidden":0,"_bbp_reply_count_hidden":0,"_bbp_forum_subforum_count":0,"footnotes":""},"categories":[14,445,513,1,4,5,454],"tags":[],"class_list":["post-12724","post","type-post","status-publish","format-standard","has-post-thumbnail","hentry","category-5e","category-comunitat-gran","category-curs-2024-25","category-general","category-portada","category-primaria","category-projectes-dinvestigacions"],"post_mailing_queue_ids":[],"_links":{"self":[{"href":"https:\/\/agora.xtec.cat\/ceip-falba\/wp-json\/wp\/v2\/posts\/12724","targetHints":{"allow":["GET"]}}],"collection":[{"href":"https:\/\/agora.xtec.cat\/ceip-falba\/wp-json\/wp\/v2\/posts"}],"about":[{"href":"https:\/\/agora.xtec.cat\/ceip-falba\/wp-json\/wp\/v2\/types\/post"}],"author":[{"embeddable":true,"href":"https:\/\/agora.xtec.cat\/ceip-falba\/wp-json\/wp\/v2\/users\/1"}],"replies":[{"embeddable":true,"href":"https:\/\/agora.xtec.cat\/ceip-falba\/wp-json\/wp\/v2\/comments?post=12724"}],"version-history":[{"count":6,"href":"https:\/\/agora.xtec.cat\/ceip-falba\/wp-json\/wp\/v2\/posts\/12724\/revisions"}],"predecessor-version":[{"id":12751,"href":"https:\/\/agora.xtec.cat\/ceip-falba\/wp-json\/wp\/v2\/posts\/12724\/revisions\/12751"}],"wp:featuredmedia":[{"embeddable":true,"href":"https:\/\/agora.xtec.cat\/ceip-falba\/wp-json\/wp\/v2\/media\/12725"}],"wp:attachment":[{"href":"https:\/\/agora.xtec.cat\/ceip-falba\/wp-json\/wp\/v2\/media?parent=12724"}],"wp:term":[{"taxonomy":"category","embeddable":true,"href":"https:\/\/agora.xtec.cat\/ceip-falba\/wp-json\/wp\/v2\/categories?post=12724"},{"taxonomy":"post_tag","embeddable":true,"href":"https:\/\/agora.xtec.cat\/ceip-falba\/wp-json\/wp\/v2\/tags?post=12724"}],"curies":[{"name":"wp","href":"https:\/\/api.w.org\/{rel}","templated":true}]}}