{"id":12718,"date":"2024-12-19T19:11:12","date_gmt":"2024-12-19T18:11:12","guid":{"rendered":"https:\/\/agora.xtec.cat\/ceip-falba\/?p=12718"},"modified":"2024-12-19T19:11:12","modified_gmt":"2024-12-19T18:11:12","slug":"el-tio-a-la-comunitat-mitjana","status":"publish","type":"post","link":"https:\/\/agora.xtec.cat\/ceip-falba\/general\/el-tio-a-la-comunitat-mitjana\/","title":{"rendered":"El Ti\u00f3 a la Comunitat Mitjana"},"content":{"rendered":"<p>El Nadal ha arribat a la nostra escola, i els nens i nenes de la Comunitat Mitjana han viscut una jornada plena de m\u00e0gia amb el <strong>Ti\u00f3 de Nadal<\/strong>!<\/p>\n<p>Despr\u00e9s de trobar el Ti\u00f3 al pati de l&#8217;escola i molts dies alimentant-lo amb molta cura, avui ha estat el gran dia: picant fort i cantant la can\u00e7\u00f3 tradicional, el Ti\u00f3 ha &#8220;cagat&#8221; petits dol\u00e7os per compartir amb tothom.<\/p>\n<p>Una activitat ens ha perm\u00e8s gaudir de les tradicions, compartir i crear moments inoblidables.<\/p>\n<p><a href=\"https:\/\/drive.google.com\/drive\/folders\/1LGAmQeJ-a7Z-QiTeoF5PnOO0qwE3EX9X?usp=drive_link\">Mireu algunes imatges!!<\/a><\/p>\n<p><a href=\"https:\/\/drive.google.com\/drive\/folders\/1LGAmQeJ-a7Z-QiTeoF5PnOO0qwE3EX9X?usp=drive_link\"><img loading=\"lazy\" decoding=\"async\" class=\"aligncenter  wp-image-12722\" src=\"https:\/\/agora.xtec.cat\/ceip-falba\/wp-content\/uploads\/usu658\/2024\/12\/Captura-de-pantalla-2024-12-19-a-las-19.08.22-1-1024x724.png\" alt=\"\" width=\"398\" height=\"282\" srcset=\"https:\/\/agora.xtec.cat\/ceip-falba\/wp-content\/uploads\/usu658\/2024\/12\/Captura-de-pantalla-2024-12-19-a-las-19.08.22-1-1024x724.png 1024w, https:\/\/agora.xtec.cat\/ceip-falba\/wp-content\/uploads\/usu658\/2024\/12\/Captura-de-pantalla-2024-12-19-a-las-19.08.22-1-300x212.png 300w, https:\/\/agora.xtec.cat\/ceip-falba\/wp-content\/uploads\/usu658\/2024\/12\/Captura-de-pantalla-2024-12-19-a-las-19.08.22-1-768x543.png 768w, https:\/\/agora.xtec.cat\/ceip-falba\/wp-content\/uploads\/usu658\/2024\/12\/Captura-de-pantalla-2024-12-19-a-las-19.08.22-1.png 1162w\" sizes=\"auto, (max-width: 398px) 100vw, 398px\" \/><\/a><\/p>\n<p>&nbsp;<\/p>\n","protected":false},"excerpt":{"rendered":"<p>El Nadal ha arribat a la nostra escola, i els nens i nenes de la Comunitat Mitjana han viscut una jornada plena de m\u00e0gia amb el Ti\u00f3 de Nadal!<br \/>\nDespr\u00e9s de trobar el Ti\u00f3 al pati de l&#8217;escola i molts dies alimentant-lo amb molta cura, avui&hellip;  <a href=\"https:\/\/agora.xtec.cat\/ceip-falba\/general\/el-tio-a-la-comunitat-mitjana\/\" title=\"Read El Ti\u00f3 a la Comunitat Mitjana\">Llegeix m\u00e9s\u00bb<\/a><\/p>\n","protected":false},"author":1,"featured_media":12721,"comment_status":"closed","ping_status":"closed","sticky":false,"template":"","format":"standard","meta":{"_bbp_topic_count":0,"_bbp_reply_count":0,"_bbp_total_topic_count":0,"_bbp_total_reply_count":0,"_bbp_voice_count":0,"_bbp_anonymous_reply_count":0,"_bbp_topic_count_hidden":0,"_bbp_reply_count_hidden":0,"_bbp_forum_subforum_count":0,"footnotes":""},"categories":[10,11,12,442,513,35,1,157,4],"tags":[],"class_list":["post-12718","post","type-post","status-publish","format-standard","has-post-thumbnail","hentry","category-1r","category-2n","category-3r","category-comunitat-mitjana","category-curs-2024-25","category-festes","category-general","category-nadal","category-portada"],"post_mailing_queue_ids":[],"_links":{"self":[{"href":"https:\/\/agora.xtec.cat\/ceip-falba\/wp-json\/wp\/v2\/posts\/12718","targetHints":{"allow":["GET"]}}],"collection":[{"href":"https:\/\/agora.xtec.cat\/ceip-falba\/wp-json\/wp\/v2\/posts"}],"about":[{"href":"https:\/\/agora.xtec.cat\/ceip-falba\/wp-json\/wp\/v2\/types\/post"}],"author":[{"embeddable":true,"href":"https:\/\/agora.xtec.cat\/ceip-falba\/wp-json\/wp\/v2\/users\/1"}],"replies":[{"embeddable":true,"href":"https:\/\/agora.xtec.cat\/ceip-falba\/wp-json\/wp\/v2\/comments?post=12718"}],"version-history":[{"count":2,"href":"https:\/\/agora.xtec.cat\/ceip-falba\/wp-json\/wp\/v2\/posts\/12718\/revisions"}],"predecessor-version":[{"id":12723,"href":"https:\/\/agora.xtec.cat\/ceip-falba\/wp-json\/wp\/v2\/posts\/12718\/revisions\/12723"}],"wp:featuredmedia":[{"embeddable":true,"href":"https:\/\/agora.xtec.cat\/ceip-falba\/wp-json\/wp\/v2\/media\/12721"}],"wp:attachment":[{"href":"https:\/\/agora.xtec.cat\/ceip-falba\/wp-json\/wp\/v2\/media?parent=12718"}],"wp:term":[{"taxonomy":"category","embeddable":true,"href":"https:\/\/agora.xtec.cat\/ceip-falba\/wp-json\/wp\/v2\/categories?post=12718"},{"taxonomy":"post_tag","embeddable":true,"href":"https:\/\/agora.xtec.cat\/ceip-falba\/wp-json\/wp\/v2\/tags?post=12718"}],"curies":[{"name":"wp","href":"https:\/\/api.w.org\/{rel}","templated":true}]}}