{"id":12713,"date":"2024-12-19T15:54:29","date_gmt":"2024-12-19T14:54:29","guid":{"rendered":"https:\/\/agora.xtec.cat\/ceip-falba\/?p=12713"},"modified":"2024-12-19T15:58:25","modified_gmt":"2024-12-19T14:58:25","slug":"font-musuk-youtubers-a-lukelele","status":"publish","type":"post","link":"https:\/\/agora.xtec.cat\/ceip-falba\/portada\/font-musuk-youtubers-a-lukelele\/","title":{"rendered":"FONT MUSUK: Youtubers a l&#8217;ukelele (i bateria!)"},"content":{"rendered":"<p>Hola a tothom!<\/p>\n<p>Aquest curs hem comen\u00e7at a fer ukelele amb els alumnes de 6\u00e8 i hem preparat una can\u00e7\u00f3 que es titula &#8220;<strong>It&#8217;s Christmas<\/strong>&#8221; tamb\u00e9 interpretada amb la bateria.<\/p>\n<p>It&#8217;s Christmas \u00e9s una versi\u00f3 de la can\u00e7\u00f3 original &#8220;Olivia&#8221; The Tyets, amb la lletra adaptada per la mestra d&#8217;angl\u00e8s i dedicada a la tutora de 6\u00e8 i al Concert de Nadal.<\/p>\n<p>En aquest <strong>tutorial d&#8217;ukelele i bateria<\/strong>, teniu una proposta musical on podreu diferents aspectes treballats:<\/p>\n<ol>\n<li>Els cinc acords d&#8217;ukelele per treballar l&#8217;harmonia (C,\u00a0F, G, Em, Am).<\/li>\n<li>Els diferents ritmes dels acords per acompanyar la can\u00e7\u00f3.<\/li>\n<li>La melodia en catal\u00e0 i en angl\u00e8s.<\/li>\n<li>Els dos ritmes diferents amb la bateria i un redoble.<\/li>\n<li>L&#8217;expressi\u00f3 oral en catal\u00e0 per presentar un v\u00eddeo en format tutorial.<\/li>\n<\/ol>\n<p>Tamb\u00e9 hem fet el tutorial en angl\u00e8s, on pr\u00f2ximament, tamb\u00e9 podreu gaudir del v\u00eddeo.<\/p>\n<p>Esperem que us agradi i que alg\u00fa el pugui aprofitar per poder aprendre aquesta can\u00e7\u00f3 del grup The Tyets que tant ens ha emocionat. Us deixem amb el v\u00eddeo:<\/p>\n<p>&nbsp;<\/p>\n<p style=\"text-align: center;\"><iframe loading=\"lazy\" src=\"\/\/www.youtube.com\/embed\/cyrl5z9zLFU\" width=\"560\" height=\"314\" allowfullscreen=\"allowfullscreen\"><\/iframe><\/p>\n<p>&nbsp;<\/p>\n<p>&nbsp;<\/p>\n","protected":false},"excerpt":{"rendered":"<p>Aquest curs hem comen\u00e7at a fer ukelele amb els alumnes de 6\u00e8 i hem preparat una can\u00e7\u00f3 que es titula &#8220;It&#8217;s Christmas&#8221; tamb\u00e9 interpretada amb la bateria.\u00a0&hellip;  <a href=\"https:\/\/agora.xtec.cat\/ceip-falba\/portada\/font-musuk-youtubers-a-lukelele\/\" title=\"Read FONT MUSUK: Youtubers a l&#8217;ukelele (i bateria!)\">Llegeix m\u00e9s\u00bb<\/a><\/p>\n","protected":false},"author":92,"featured_media":12714,"comment_status":"closed","ping_status":"closed","sticky":false,"template":"","format":"standard","meta":{"_bbp_topic_count":0,"_bbp_reply_count":0,"_bbp_total_topic_count":0,"_bbp_total_reply_count":0,"_bbp_voice_count":0,"_bbp_anonymous_reply_count":0,"_bbp_topic_count_hidden":0,"_bbp_reply_count_hidden":0,"_bbp_forum_subforum_count":0,"footnotes":""},"categories":[15,513,463,507,157,4,5],"tags":[],"class_list":["post-12713","post","type-post","status-publish","format-standard","has-post-thumbnail","hentry","category-6e","category-curs-2024-25","category-font-musuk","category-musica-2","category-nadal","category-portada","category-primaria"],"post_mailing_queue_ids":[],"_links":{"self":[{"href":"https:\/\/agora.xtec.cat\/ceip-falba\/wp-json\/wp\/v2\/posts\/12713","targetHints":{"allow":["GET"]}}],"collection":[{"href":"https:\/\/agora.xtec.cat\/ceip-falba\/wp-json\/wp\/v2\/posts"}],"about":[{"href":"https:\/\/agora.xtec.cat\/ceip-falba\/wp-json\/wp\/v2\/types\/post"}],"author":[{"embeddable":true,"href":"https:\/\/agora.xtec.cat\/ceip-falba\/wp-json\/wp\/v2\/users\/92"}],"replies":[{"embeddable":true,"href":"https:\/\/agora.xtec.cat\/ceip-falba\/wp-json\/wp\/v2\/comments?post=12713"}],"version-history":[{"count":3,"href":"https:\/\/agora.xtec.cat\/ceip-falba\/wp-json\/wp\/v2\/posts\/12713\/revisions"}],"predecessor-version":[{"id":12717,"href":"https:\/\/agora.xtec.cat\/ceip-falba\/wp-json\/wp\/v2\/posts\/12713\/revisions\/12717"}],"wp:featuredmedia":[{"embeddable":true,"href":"https:\/\/agora.xtec.cat\/ceip-falba\/wp-json\/wp\/v2\/media\/12714"}],"wp:attachment":[{"href":"https:\/\/agora.xtec.cat\/ceip-falba\/wp-json\/wp\/v2\/media?parent=12713"}],"wp:term":[{"taxonomy":"category","embeddable":true,"href":"https:\/\/agora.xtec.cat\/ceip-falba\/wp-json\/wp\/v2\/categories?post=12713"},{"taxonomy":"post_tag","embeddable":true,"href":"https:\/\/agora.xtec.cat\/ceip-falba\/wp-json\/wp\/v2\/tags?post=12713"}],"curies":[{"name":"wp","href":"https:\/\/api.w.org\/{rel}","templated":true}]}}