{"id":12707,"date":"2024-12-19T12:53:44","date_gmt":"2024-12-19T11:53:44","guid":{"rendered":"https:\/\/agora.xtec.cat\/ceip-falba\/?p=12707"},"modified":"2024-12-19T12:53:44","modified_gmt":"2024-12-19T11:53:44","slug":"el-tio-a-la-comunitat-petita","status":"publish","type":"post","link":"https:\/\/agora.xtec.cat\/ceip-falba\/general\/el-tio-a-la-comunitat-petita\/","title":{"rendered":"El Ti\u00f3 a la Comunitat Petita"},"content":{"rendered":"<p><em><strong>DIJOUS, 19 DE DESEMBRE DE 2024.\u00a0<\/strong><\/em><\/p>\n<p>Despr\u00e9s de tota la setmana alimentant al Ti\u00f3 i donant-li de menjar&#8230; avui l&#8217;escola olorava una mica a caca i&#8230; SABEU QU\u00c8? Era el moment de cagar el Ti\u00f3! Hem anat tota la Comunitat Petita a la biblioteca de l&#8217;escola i a cops de bast\u00f3 i al ritme de la m\u00fasica: &#8220;Caga ti\u00f3!&#8221; Ens ha cagat neules i torrons per a tothom! \ud83c\udf6b\ud83c\udf84<\/p>\n<p><a href=\"https:\/\/drive.google.com\/drive\/folders\/1vrzcULdGRte2EzxaP-yZiWqipkhrJ7jv?usp=sharing\"><em>FOTOS AQU\u00cd\u00a0 \u25c0\u2b05<\/em><\/a><\/p>\n<p><a href=\"https:\/\/agora.xtec.cat\/ceip-falba\/wp-content\/uploads\/usu658\/2024\/12\/IMG_7143.jpg\"><img loading=\"lazy\" decoding=\"async\" class=\"alignnone size-large wp-image-12709\" src=\"https:\/\/agora.xtec.cat\/ceip-falba\/wp-content\/uploads\/usu658\/2024\/12\/IMG_7143-768x1024.jpg\" alt=\"\" width=\"768\" height=\"1024\" srcset=\"https:\/\/agora.xtec.cat\/ceip-falba\/wp-content\/uploads\/usu658\/2024\/12\/IMG_7143-768x1024.jpg 768w, https:\/\/agora.xtec.cat\/ceip-falba\/wp-content\/uploads\/usu658\/2024\/12\/IMG_7143-225x300.jpg 225w, https:\/\/agora.xtec.cat\/ceip-falba\/wp-content\/uploads\/usu658\/2024\/12\/IMG_7143.jpg 1000w\" sizes=\"auto, (max-width: 768px) 100vw, 768px\" \/><\/a><\/p>\n","protected":false},"excerpt":{"rendered":"<p>DIJOUS, 19 DE DESEMBRE DE 2024.\u00a0<br \/>\nDespr\u00e9s de tota la setmana alimentant al Ti\u00f3 i donant-li de menjar&#8230; avui l&#8217;escola olorava una mica a caca i&#8230; SABEU QU\u00c8? Era el moment de cagar el Ti\u00f3! Hem anat tota la Comunitat Petita a la biblioteca de l&#8217;escola&hellip;  <a href=\"https:\/\/agora.xtec.cat\/ceip-falba\/general\/el-tio-a-la-comunitat-petita\/\" title=\"Read El Ti\u00f3 a la Comunitat Petita\">Llegeix m\u00e9s\u00bb<\/a><\/p>\n","protected":false},"author":71,"featured_media":12709,"comment_status":"closed","ping_status":"closed","sticky":false,"template":"","format":"standard","meta":{"_bbp_topic_count":0,"_bbp_reply_count":0,"_bbp_total_topic_count":0,"_bbp_total_reply_count":0,"_bbp_voice_count":0,"_bbp_anonymous_reply_count":0,"_bbp_topic_count_hidden":0,"_bbp_reply_count_hidden":0,"_bbp_forum_subforum_count":0,"footnotes":""},"categories":[513,1,3,8,9,2,157,4],"tags":[],"class_list":["post-12707","post","type-post","status-publish","format-standard","has-post-thumbnail","hentry","category-curs-2024-25","category-general","category-p3","category-p4","category-p5","category-infantil","category-nadal","category-portada"],"post_mailing_queue_ids":[],"_links":{"self":[{"href":"https:\/\/agora.xtec.cat\/ceip-falba\/wp-json\/wp\/v2\/posts\/12707","targetHints":{"allow":["GET"]}}],"collection":[{"href":"https:\/\/agora.xtec.cat\/ceip-falba\/wp-json\/wp\/v2\/posts"}],"about":[{"href":"https:\/\/agora.xtec.cat\/ceip-falba\/wp-json\/wp\/v2\/types\/post"}],"author":[{"embeddable":true,"href":"https:\/\/agora.xtec.cat\/ceip-falba\/wp-json\/wp\/v2\/users\/71"}],"replies":[{"embeddable":true,"href":"https:\/\/agora.xtec.cat\/ceip-falba\/wp-json\/wp\/v2\/comments?post=12707"}],"version-history":[{"count":1,"href":"https:\/\/agora.xtec.cat\/ceip-falba\/wp-json\/wp\/v2\/posts\/12707\/revisions"}],"predecessor-version":[{"id":12710,"href":"https:\/\/agora.xtec.cat\/ceip-falba\/wp-json\/wp\/v2\/posts\/12707\/revisions\/12710"}],"wp:featuredmedia":[{"embeddable":true,"href":"https:\/\/agora.xtec.cat\/ceip-falba\/wp-json\/wp\/v2\/media\/12709"}],"wp:attachment":[{"href":"https:\/\/agora.xtec.cat\/ceip-falba\/wp-json\/wp\/v2\/media?parent=12707"}],"wp:term":[{"taxonomy":"category","embeddable":true,"href":"https:\/\/agora.xtec.cat\/ceip-falba\/wp-json\/wp\/v2\/categories?post=12707"},{"taxonomy":"post_tag","embeddable":true,"href":"https:\/\/agora.xtec.cat\/ceip-falba\/wp-json\/wp\/v2\/tags?post=12707"}],"curies":[{"name":"wp","href":"https:\/\/api.w.org\/{rel}","templated":true}]}}