{"id":12664,"date":"2024-12-04T10:55:04","date_gmt":"2024-12-04T09:55:04","guid":{"rendered":"https:\/\/agora.xtec.cat\/ceip-falba\/?p=12664"},"modified":"2024-12-04T10:55:04","modified_gmt":"2024-12-04T09:55:04","slug":"institut-catala-de-paleontologia-miquel-crusafont-5e","status":"publish","type":"post","link":"https:\/\/agora.xtec.cat\/ceip-falba\/general\/institut-catala-de-paleontologia-miquel-crusafont-5e\/","title":{"rendered":"Institut Catal\u00e0 de Paleontologia Miquel Crusafont. 5\u00e8."},"content":{"rendered":"<p>El passat dimecres, l\u2019alumnat de 5\u00e8 va viure una experi\u00e8ncia \u00fanica durant la seva sortida a Sabadell. Vam visitar l\u2019Institut Catal\u00e0 de Paleontologia Miquel Crusafont, un lloc fascinant on la ci\u00e8ncia i la hist\u00f2ria convergeixen per explicar-nos la vida de fa milions d\u2019anys. Despr\u00e9s d\u2019aquesta experi\u00e8ncia educativa, vam gaudir d\u2019una tarda plena de diversi\u00f3 al Parc Catalunya, un espai perfecte per menjar, jugar i riure amb els amics i les amigues.<\/p>\n<p>A primera hora del mat\u00ed, vam arribar a l\u2019Institut Catal\u00e0 de Paleontologia. All\u00e0, ens van rebre amb un taller interactiu que ens va convertir en petits paleont\u00f2legs per un dia. Ens van explicar com es formen els f\u00f2ssils, quins s\u00f3n els m\u00e9s comuns a Catalunya i com es troben en excavacions arqueol\u00f2giques.<\/p>\n<p>Durant el taller, vam tenir l\u2019oportunitat d\u2019examinar f\u00f2ssils reals. Un dels moments m\u00e9s emocionants va ser quan vam &#8220;descobrir&#8221; un f\u00f2ssil dins de blocs de terra, utilitzant pinzells per simular el proc\u00e9s real d\u2019excavaci\u00f3.\u00a0Aquesta experi\u00e8ncia ens va fer valorar encara m\u00e9s la feina dels cient\u00edfics que investiguen el passat de la Terra.<\/p>\n<p>Despr\u00e9s de l\u2019activitat cient\u00edfica, vam anar al Parc Catalunya, un espai verd preci\u00f3s al centre de Sabadell. Asseguts en grups, vam compartir un p\u00edcnic sota\u00a0l\u2019ombra\u00a0dels arbres, gaudint de l\u2019ambient tranquil del parc. Un cop acabat el dinar, va ser el moment de jugar!\u00a0\u00a0Alguns de nosaltres vam aprofitar per jugar als gronxadors i les estructures d\u2019escalada, mentre que altres vam organitzar jocs de grup com l\u2019amagada. Aquest temps de conviv\u00e8ncia ens va ajudar a refor\u00e7ar els vincles\u00a0d\u2019amistat\u00a0i a passar una estona molt agradable.<\/p>\n<p>Us compartim en aquest enlla\u00e7 les fotografies de la sortida: <a href=\"https:\/\/drive.google.com\/drive\/folders\/1Z_4wrZPYQC8JT729ejPtmf3_0bZQKbH3?usp=drive_link\">FOTOS SORTIDA 5\u00e8 <\/a><\/p>\n","protected":false},"excerpt":{"rendered":"<p>El passat dimecres, l\u2019alumnat de 5\u00e8 va viure una experi\u00e8ncia \u00fanica durant la seva sortida a Sabadell. Vam visitar l\u2019Institut Catal\u00e0 de Paleontologia Miquel Crusafont, un lloc fascinant on la ci\u00e8ncia i la hist\u00f2ria convergeixen per explicar-nos la vida de fa milions d\u2019anys. Despr\u00e9s d\u2019aquesta&hellip;  <a href=\"https:\/\/agora.xtec.cat\/ceip-falba\/general\/institut-catala-de-paleontologia-miquel-crusafont-5e\/\" title=\"Read Institut Catal\u00e0 de Paleontologia Miquel Crusafont. 5\u00e8.\">Llegeix m\u00e9s\u00bb<\/a><\/p>\n","protected":false},"author":48,"featured_media":12665,"comment_status":"closed","ping_status":"closed","sticky":false,"template":"","format":"standard","meta":{"_bbp_topic_count":0,"_bbp_reply_count":0,"_bbp_total_topic_count":0,"_bbp_total_reply_count":0,"_bbp_voice_count":0,"_bbp_anonymous_reply_count":0,"_bbp_topic_count_hidden":0,"_bbp_reply_count_hidden":0,"_bbp_forum_subforum_count":0,"footnotes":""},"categories":[14,445,453,513,1,4,5,427],"tags":[259,257,114],"class_list":["post-12664","post","type-post","status-publish","format-standard","has-post-thumbnail","hentry","category-5e","category-comunitat-gran","category-contextos-daprenentatge","category-curs-2024-25","category-general","category-portada","category-primaria","category-sortida","tag-comunitatdegrans","tag-5e","tag-sortida"],"post_mailing_queue_ids":[],"_links":{"self":[{"href":"https:\/\/agora.xtec.cat\/ceip-falba\/wp-json\/wp\/v2\/posts\/12664","targetHints":{"allow":["GET"]}}],"collection":[{"href":"https:\/\/agora.xtec.cat\/ceip-falba\/wp-json\/wp\/v2\/posts"}],"about":[{"href":"https:\/\/agora.xtec.cat\/ceip-falba\/wp-json\/wp\/v2\/types\/post"}],"author":[{"embeddable":true,"href":"https:\/\/agora.xtec.cat\/ceip-falba\/wp-json\/wp\/v2\/users\/48"}],"replies":[{"embeddable":true,"href":"https:\/\/agora.xtec.cat\/ceip-falba\/wp-json\/wp\/v2\/comments?post=12664"}],"version-history":[{"count":1,"href":"https:\/\/agora.xtec.cat\/ceip-falba\/wp-json\/wp\/v2\/posts\/12664\/revisions"}],"predecessor-version":[{"id":12666,"href":"https:\/\/agora.xtec.cat\/ceip-falba\/wp-json\/wp\/v2\/posts\/12664\/revisions\/12666"}],"wp:featuredmedia":[{"embeddable":true,"href":"https:\/\/agora.xtec.cat\/ceip-falba\/wp-json\/wp\/v2\/media\/12665"}],"wp:attachment":[{"href":"https:\/\/agora.xtec.cat\/ceip-falba\/wp-json\/wp\/v2\/media?parent=12664"}],"wp:term":[{"taxonomy":"category","embeddable":true,"href":"https:\/\/agora.xtec.cat\/ceip-falba\/wp-json\/wp\/v2\/categories?post=12664"},{"taxonomy":"post_tag","embeddable":true,"href":"https:\/\/agora.xtec.cat\/ceip-falba\/wp-json\/wp\/v2\/tags?post=12664"}],"curies":[{"name":"wp","href":"https:\/\/api.w.org\/{rel}","templated":true}]}}