{"id":12660,"date":"2024-12-03T20:35:14","date_gmt":"2024-12-03T19:35:14","guid":{"rendered":"https:\/\/agora.xtec.cat\/ceip-falba\/?p=12660"},"modified":"2024-12-03T20:35:14","modified_gmt":"2024-12-03T19:35:14","slug":"anem-a-lastronomica-de-sabadell","status":"publish","type":"post","link":"https:\/\/agora.xtec.cat\/ceip-falba\/general\/anem-a-lastronomica-de-sabadell\/","title":{"rendered":"Anem a l&#8217;Astron\u00f2mica de Sabadell!!!"},"content":{"rendered":"<p>Els nens i nenes de 4t hem pogut gaudir d&#8217;una activitat sobre el Sistema Solar, context que hem treballat aquest trimestre. Hem anat fins a l&#8217;Astron\u00f2mica de Sabadell per poder gaudir d&#8217;unes activitats dirigides pel director cient\u00edfic de l\u2019agrupaci\u00f3, el f\u00edsic astr\u00f2nom Albert Morral. Hem participat de les explicacions, contestant preguntes i compartint tot el que hem apr\u00e9s. Despr\u00e9s d&#8217;aquesta primera part hem pujat fins l&#8217;observatori i hem pogut veure amb el telescopi el Sol i hem tocat i olorat un meteorit. Com a cloenda del dia hem anat al Parc Catalunya a\u00a0 dinar i disfrutar de tot el seu entorn. Ha estat un dia ple de &#8220;astro-diverssi\u00f3&#8221;, paraula nova que hem inventat per descriure el dia que hem passat!!!<\/p>\n<p>Si tamb\u00e9 voleu gaudir com vosaltres, cliqueu l&#8217;enlla\u00e7.<\/p>\n<p><a href=\"https:\/\/drive.google.com\/file\/d\/1BT0q9t-8wu_mtJKAQwcY6rOjOSfzxpgw\/view?usp=sharing\">Astron\u00f2mica de Sabadell<\/a><\/p>\n","protected":false},"excerpt":{"rendered":"<p>Els nens i nenes de 4t hem pogut gaudir d&#8217;una activitat sobre el Sistema Solar, context que hem treballat aquest trimestre. Hem anat fins a l&#8217;Astron\u00f2mica de Sabadell per poder gaudir d&#8217;unes activitats dirigides pel director cient\u00edfic de l\u2019agrupaci\u00f3, el f\u00edsic astr\u00f2nom Albert Morral. Hem&hellip;  <a href=\"https:\/\/agora.xtec.cat\/ceip-falba\/general\/anem-a-lastronomica-de-sabadell\/\" title=\"Read Anem a l&#8217;Astron\u00f2mica de Sabadell!!!\">Llegeix m\u00e9s\u00bb<\/a><\/p>\n","protected":false},"author":94,"featured_media":12661,"comment_status":"closed","ping_status":"closed","sticky":false,"template":"","format":"standard","meta":{"_bbp_topic_count":0,"_bbp_reply_count":0,"_bbp_total_topic_count":0,"_bbp_total_reply_count":0,"_bbp_voice_count":0,"_bbp_anonymous_reply_count":0,"_bbp_topic_count_hidden":0,"_bbp_reply_count_hidden":0,"_bbp_forum_subforum_count":0,"footnotes":""},"categories":[211,445,453,513,1,4,5,427],"tags":[],"class_list":["post-12660","post","type-post","status-publish","format-standard","has-post-thumbnail","hentry","category-4t","category-comunitat-gran","category-contextos-daprenentatge","category-curs-2024-25","category-general","category-portada","category-primaria","category-sortida"],"post_mailing_queue_ids":[],"_links":{"self":[{"href":"https:\/\/agora.xtec.cat\/ceip-falba\/wp-json\/wp\/v2\/posts\/12660","targetHints":{"allow":["GET"]}}],"collection":[{"href":"https:\/\/agora.xtec.cat\/ceip-falba\/wp-json\/wp\/v2\/posts"}],"about":[{"href":"https:\/\/agora.xtec.cat\/ceip-falba\/wp-json\/wp\/v2\/types\/post"}],"author":[{"embeddable":true,"href":"https:\/\/agora.xtec.cat\/ceip-falba\/wp-json\/wp\/v2\/users\/94"}],"replies":[{"embeddable":true,"href":"https:\/\/agora.xtec.cat\/ceip-falba\/wp-json\/wp\/v2\/comments?post=12660"}],"version-history":[{"count":2,"href":"https:\/\/agora.xtec.cat\/ceip-falba\/wp-json\/wp\/v2\/posts\/12660\/revisions"}],"predecessor-version":[{"id":12663,"href":"https:\/\/agora.xtec.cat\/ceip-falba\/wp-json\/wp\/v2\/posts\/12660\/revisions\/12663"}],"wp:featuredmedia":[{"embeddable":true,"href":"https:\/\/agora.xtec.cat\/ceip-falba\/wp-json\/wp\/v2\/media\/12661"}],"wp:attachment":[{"href":"https:\/\/agora.xtec.cat\/ceip-falba\/wp-json\/wp\/v2\/media?parent=12660"}],"wp:term":[{"taxonomy":"category","embeddable":true,"href":"https:\/\/agora.xtec.cat\/ceip-falba\/wp-json\/wp\/v2\/categories?post=12660"},{"taxonomy":"post_tag","embeddable":true,"href":"https:\/\/agora.xtec.cat\/ceip-falba\/wp-json\/wp\/v2\/tags?post=12660"}],"curies":[{"name":"wp","href":"https:\/\/api.w.org\/{rel}","templated":true}]}}