{"id":12615,"date":"2024-12-04T12:57:54","date_gmt":"2024-12-04T11:57:54","guid":{"rendered":"https:\/\/agora.xtec.cat\/ceip-falba\/?p=12615"},"modified":"2024-12-04T12:57:54","modified_gmt":"2024-12-04T11:57:54","slug":"4t-5e-i-6e-units-per-font-tv","status":"publish","type":"post","link":"https:\/\/agora.xtec.cat\/ceip-falba\/general\/4t-5e-i-6e-units-per-font-tv\/","title":{"rendered":"4T, 5\u00c8 I 6\u00c8, UNITS PER FONT TV!"},"content":{"rendered":"<p>Benvolgudes fam\u00edlies, ja hem gravat el segon programa de Font TV, i aquest \u00e9s molt especial.<\/p>\n<p>Aquest curs, com a novetat, us hem d&#8217;explicar, que \u00e9s la primera vegada a la hist\u00f2ria de la nostra escola que es fa un programa internivell, unint els esfor\u00e7os de l&#8217;alumnat de la Comunitat Gran: 4t, 5\u00e8 i 6\u00e8.<\/p>\n<p>Us explicarem diferents temes com per exemple, all\u00f2 que treballem a l&#8217;escola, els alumnes que han vingut nous aquest curs, un pa\u00eds especial que mai ha sortit al programa, noticies d&#8217;actualitat entre altres sorpreses.<\/p>\n<p>Esperem que gaudiu molt d&#8217;aquest programa!<\/p>\n<p><iframe loading=\"lazy\" src=\"\/\/www.youtube.com\/embed\/QV8em9VuXjA\" width=\"560\" height=\"314\" allowfullscreen=\"allowfullscreen\"><\/iframe><\/p>\n<p>&nbsp;<\/p>\n","protected":false},"excerpt":{"rendered":"<p>Benvolgudes fam\u00edlies, ja hem gravat el segon programa de Font TV, i aquest \u00e9s molt especial.&hellip;  <a href=\"https:\/\/agora.xtec.cat\/ceip-falba\/general\/4t-5e-i-6e-units-per-font-tv\/\" title=\"Read 4T, 5\u00c8 I 6\u00c8, UNITS PER FONT TV!\">Llegeix m\u00e9s\u00bb<\/a><\/p>\n","protected":false},"author":72,"featured_media":12667,"comment_status":"closed","ping_status":"closed","sticky":false,"template":"","format":"standard","meta":{"_bbp_topic_count":0,"_bbp_reply_count":0,"_bbp_total_topic_count":0,"_bbp_total_reply_count":0,"_bbp_voice_count":0,"_bbp_anonymous_reply_count":0,"_bbp_topic_count_hidden":0,"_bbp_reply_count_hidden":0,"_bbp_forum_subforum_count":0,"footnotes":""},"categories":[211,14,15,445,513,26,1,4,5,25],"tags":[500,282,522,284,505],"class_list":["post-12615","post","type-post","status-publish","format-standard","has-post-thumbnail","hentry","category-4t","category-5e","category-6e","category-comunitat-gran","category-curs-2024-25","category-fonttv","category-general","category-portada","category-primaria","category-projectesescola","tag-comunitat-gran","tag-font-tv","tag-font-tv-24-25","tag-programa-2","tag-projecte-audiovisual"],"post_mailing_queue_ids":[],"_links":{"self":[{"href":"https:\/\/agora.xtec.cat\/ceip-falba\/wp-json\/wp\/v2\/posts\/12615","targetHints":{"allow":["GET"]}}],"collection":[{"href":"https:\/\/agora.xtec.cat\/ceip-falba\/wp-json\/wp\/v2\/posts"}],"about":[{"href":"https:\/\/agora.xtec.cat\/ceip-falba\/wp-json\/wp\/v2\/types\/post"}],"author":[{"embeddable":true,"href":"https:\/\/agora.xtec.cat\/ceip-falba\/wp-json\/wp\/v2\/users\/72"}],"replies":[{"embeddable":true,"href":"https:\/\/agora.xtec.cat\/ceip-falba\/wp-json\/wp\/v2\/comments?post=12615"}],"version-history":[{"count":2,"href":"https:\/\/agora.xtec.cat\/ceip-falba\/wp-json\/wp\/v2\/posts\/12615\/revisions"}],"predecessor-version":[{"id":12668,"href":"https:\/\/agora.xtec.cat\/ceip-falba\/wp-json\/wp\/v2\/posts\/12615\/revisions\/12668"}],"wp:featuredmedia":[{"embeddable":true,"href":"https:\/\/agora.xtec.cat\/ceip-falba\/wp-json\/wp\/v2\/media\/12667"}],"wp:attachment":[{"href":"https:\/\/agora.xtec.cat\/ceip-falba\/wp-json\/wp\/v2\/media?parent=12615"}],"wp:term":[{"taxonomy":"category","embeddable":true,"href":"https:\/\/agora.xtec.cat\/ceip-falba\/wp-json\/wp\/v2\/categories?post=12615"},{"taxonomy":"post_tag","embeddable":true,"href":"https:\/\/agora.xtec.cat\/ceip-falba\/wp-json\/wp\/v2\/tags?post=12615"}],"curies":[{"name":"wp","href":"https:\/\/api.w.org\/{rel}","templated":true}]}}