{"id":12598,"date":"2024-11-11T20:24:57","date_gmt":"2024-11-11T19:24:57","guid":{"rendered":"https:\/\/agora.xtec.cat\/ceip-falba\/?p=12598"},"modified":"2024-11-11T20:38:00","modified_gmt":"2024-11-11T19:38:00","slug":"coneixem-la-guineu-nikki","status":"publish","type":"post","link":"https:\/\/agora.xtec.cat\/ceip-falba\/general\/coneixem-la-guineu-nikki\/","title":{"rendered":"Coneixem la guineu Nikki"},"content":{"rendered":"<p><a href=\"https:\/\/drive.google.com\/file\/d\/1IRU7UdmQE_0S5tRktRimFg1-LtI52Vaw\/view?usp=sharing\" target=\"_blank\" rel=\"noopener\"><img loading=\"lazy\" decoding=\"async\" class=\"aligncenter wp-image-12599 size-large\" src=\"https:\/\/agora.xtec.cat\/ceip-falba\/wp-content\/uploads\/usu658\/2024\/11\/WhatsApp-Image-2024-11-11-at-20.11.55-740x1024.jpeg\" alt=\"\" width=\"740\" height=\"1024\" srcset=\"https:\/\/agora.xtec.cat\/ceip-falba\/wp-content\/uploads\/usu658\/2024\/11\/WhatsApp-Image-2024-11-11-at-20.11.55-740x1024.jpeg 740w, https:\/\/agora.xtec.cat\/ceip-falba\/wp-content\/uploads\/usu658\/2024\/11\/WhatsApp-Image-2024-11-11-at-20.11.55-217x300.jpeg 217w, https:\/\/agora.xtec.cat\/ceip-falba\/wp-content\/uploads\/usu658\/2024\/11\/WhatsApp-Image-2024-11-11-at-20.11.55-768x1063.jpeg 768w, https:\/\/agora.xtec.cat\/ceip-falba\/wp-content\/uploads\/usu658\/2024\/11\/WhatsApp-Image-2024-11-11-at-20.11.55.jpeg 800w\" sizes=\"auto, (max-width: 740px) 100vw, 740px\" \/><\/a><\/p>\n<p>Avui, la classe de les Guineus ha gaudit d\u2019un taller molt especial amb l&#8217;equip del Zoo del Pirineu! Hem conegut la guineu Nikki i altres animals del seu ecosistema (el gall, el conill, l\u2019\u00e0nec, l\u2019\u00e0liga i el corb) per entendre millor de qu\u00e8 s\u2019alimenta, quins perills t\u00e9 i quin paper t\u00e9 en la natura.<\/p>\n<p>El Zoo del Pirineu \u00e9s un refugi dedicat a la protecci\u00f3 i rehabilitaci\u00f3 d\u2019animals salvatges i compta amb els permisos necessaris per portar aquests animals a les escoles, garantint sempre el seu benestar. Gr\u00e0cies a la Stania i l\u2019Eloi, els alumnes han viscut una experi\u00e8ncia \u00fanica i educativa!<\/p>\n","protected":false},"excerpt":{"rendered":"<p>Avui, la classe de les Guineus ha gaudit d\u2019un taller molt especial amb l&#8217;equip del Zoo del Pirineu!&hellip;  <a href=\"https:\/\/agora.xtec.cat\/ceip-falba\/general\/coneixem-la-guineu-nikki\/\" title=\"Read Coneixem la guineu Nikki\">Llegeix m\u00e9s\u00bb<\/a><\/p>\n","protected":false},"author":1,"featured_media":12599,"comment_status":"closed","ping_status":"closed","sticky":false,"template":"","format":"standard","meta":{"_bbp_topic_count":0,"_bbp_reply_count":0,"_bbp_total_topic_count":0,"_bbp_total_reply_count":0,"_bbp_voice_count":0,"_bbp_anonymous_reply_count":0,"_bbp_topic_count_hidden":0,"_bbp_reply_count_hidden":0,"_bbp_forum_subforum_count":0,"footnotes":""},"categories":[340,513,1,9,2,4,454,457],"tags":[],"class_list":["post-12598","post","type-post","status-publish","format-standard","has-post-thumbnail","hentry","category-comunitat-de-petits","category-curs-2024-25","category-general","category-p5","category-infantil","category-portada","category-projectes-dinvestigacions","category-racons-daula"],"post_mailing_queue_ids":[],"_links":{"self":[{"href":"https:\/\/agora.xtec.cat\/ceip-falba\/wp-json\/wp\/v2\/posts\/12598","targetHints":{"allow":["GET"]}}],"collection":[{"href":"https:\/\/agora.xtec.cat\/ceip-falba\/wp-json\/wp\/v2\/posts"}],"about":[{"href":"https:\/\/agora.xtec.cat\/ceip-falba\/wp-json\/wp\/v2\/types\/post"}],"author":[{"embeddable":true,"href":"https:\/\/agora.xtec.cat\/ceip-falba\/wp-json\/wp\/v2\/users\/1"}],"replies":[{"embeddable":true,"href":"https:\/\/agora.xtec.cat\/ceip-falba\/wp-json\/wp\/v2\/comments?post=12598"}],"version-history":[{"count":6,"href":"https:\/\/agora.xtec.cat\/ceip-falba\/wp-json\/wp\/v2\/posts\/12598\/revisions"}],"predecessor-version":[{"id":12604,"href":"https:\/\/agora.xtec.cat\/ceip-falba\/wp-json\/wp\/v2\/posts\/12598\/revisions\/12604"}],"wp:featuredmedia":[{"embeddable":true,"href":"https:\/\/agora.xtec.cat\/ceip-falba\/wp-json\/wp\/v2\/media\/12599"}],"wp:attachment":[{"href":"https:\/\/agora.xtec.cat\/ceip-falba\/wp-json\/wp\/v2\/media?parent=12598"}],"wp:term":[{"taxonomy":"category","embeddable":true,"href":"https:\/\/agora.xtec.cat\/ceip-falba\/wp-json\/wp\/v2\/categories?post=12598"},{"taxonomy":"post_tag","embeddable":true,"href":"https:\/\/agora.xtec.cat\/ceip-falba\/wp-json\/wp\/v2\/tags?post=12598"}],"curies":[{"name":"wp","href":"https:\/\/api.w.org\/{rel}","templated":true}]}}