{"id":12574,"date":"2024-10-31T16:33:38","date_gmt":"2024-10-31T15:33:38","guid":{"rendered":"https:\/\/agora.xtec.cat\/ceip-falba\/?p=12574"},"modified":"2024-10-31T16:34:30","modified_gmt":"2024-10-31T15:34:30","slug":"la-tardor-a-la-classe-dels-somriures-i4","status":"publish","type":"post","link":"https:\/\/agora.xtec.cat\/ceip-falba\/general\/la-tardor-a-la-classe-dels-somriures-i4\/","title":{"rendered":"LA TARDOR A LA CLASSE DELS SOMRIURES- I4"},"content":{"rendered":"<p>Hem aprofitat que la tardor ha arribat per realitzar un munt d&#8217;activitats! \ud83c\udf30\ud83c\udf42\ud83c\udf41<\/p>\n<ul>\n<li>Gr\u00e0cies al conte del lladre de les fulles, hem apr\u00e8s que els hi passa a les fulles a la tardor. Hem sortit al pati i hem pogut agafar fulles seques que ens hem trobat, per despr\u00e9s classificar-les per colors.<\/li>\n<li>Hem tret la nostra part m\u00e9s art\u00edstica, fent moltes propostes diferents d&#8217;art.<\/li>\n<li>Hem tastat els ingredients per poder fer panellets, els hem fet i despr\u00e9s els hem menjat!<\/li>\n<li>Hem conegut a la Castanyera, que ha baixat de la muntanya per venir a veure\u2019ns! Ens ha portat castanyes per a tothom i li hem ensenyat el seu ball.<\/li>\n<li>Hem fet un tastet dels fruits de la tardor, amb l\u2019ajuda de les nostres fam\u00edlies que ens han preparat uns plats per menjar, on hem pogut menjar: nous, figues seques, magrana, poma, mandarina, ra\u00efm i codonyat amb torrades. Mmmmmm qu\u00e8 bo estava tot! Gr\u00e0cies a les fam\u00edlies per la col\u00b7laboraci\u00f3. \ud83e\udde1<\/li>\n<\/ul>\n<p><strong>Teniu aqu\u00ed les fotos:\ud83d\udcf8\ud83d\udcf8<\/strong><\/p>\n<ul>\n<li><a href=\"https:\/\/drive.google.com\/drive\/folders\/1kJn1lKg_49_EYfOu_v1-dpMNItOc9NXm?usp=sharing\"><strong>TARDOR\u00a0 \u00a0\ud83c\udf41\ud83c\udf42<\/strong><\/a><\/li>\n<li><a href=\"https:\/\/drive.google.com\/drive\/folders\/1CJ7dmZVRyshewIQB-PCIVZDXcD3w_Dxq?usp=sharing\"><strong>PANELLETS<\/strong><\/a>\u00a0\ud83d\udc69\u200d\ud83c\udf73<\/li>\n<\/ul>\n","protected":false},"excerpt":{"rendered":"<p>Hem aprofitat que la tardor ha arribat per realitzar un munt d&#8217;activitats! \ud83c\udf30\ud83c\udf42\ud83c\udf41<\/p>\n<ul>\n<li>Gr\u00e0cies al conte del lladre de les fulles, hem apr\u00e8s que els hi passa a les fulles a la tardor. Hem sortit al pati i hem pogut agafar fulles seques que ens hem&hellip;  <a href=\"https:\/\/agora.xtec.cat\/ceip-falba\/general\/la-tardor-a-la-classe-dels-somriures-i4\/\" title=\"Read LA TARDOR A LA CLASSE DELS SOMRIURES- I4\">Llegeix m\u00e9s\u00bb<\/a><br \/>\n","protected":false},"author":71,"featured_media":12577,"comment_status":"closed","ping_status":"closed","sticky":false,"template":"","format":"standard","meta":{"_bbp_topic_count":0,"_bbp_reply_count":0,"_bbp_total_topic_count":0,"_bbp_total_reply_count":0,"_bbp_voice_count":0,"_bbp_anonymous_reply_count":0,"_bbp_topic_count_hidden":0,"_bbp_reply_count_hidden":0,"_bbp_forum_subforum_count":0,"footnotes":""},"categories":[340,513,35,1,8,2,4],"tags":[],"class_list":["post-12574","post","type-post","status-publish","format-standard","has-post-thumbnail","hentry","category-comunitat-de-petits","category-curs-2024-25","category-festes","category-general","category-p4","category-infantil","category-portada"],"post_mailing_queue_ids":[],"_links":{"self":[{"href":"https:\/\/agora.xtec.cat\/ceip-falba\/wp-json\/wp\/v2\/posts\/12574","targetHints":{"allow":["GET"]}}],"collection":[{"href":"https:\/\/agora.xtec.cat\/ceip-falba\/wp-json\/wp\/v2\/posts"}],"about":[{"href":"https:\/\/agora.xtec.cat\/ceip-falba\/wp-json\/wp\/v2\/types\/post"}],"author":[{"embeddable":true,"href":"https:\/\/agora.xtec.cat\/ceip-falba\/wp-json\/wp\/v2\/users\/71"}],"replies":[{"embeddable":true,"href":"https:\/\/agora.xtec.cat\/ceip-falba\/wp-json\/wp\/v2\/comments?post=12574"}],"version-history":[{"count":3,"href":"https:\/\/agora.xtec.cat\/ceip-falba\/wp-json\/wp\/v2\/posts\/12574\/revisions"}],"predecessor-version":[{"id":12579,"href":"https:\/\/agora.xtec.cat\/ceip-falba\/wp-json\/wp\/v2\/posts\/12574\/revisions\/12579"}],"wp:featuredmedia":[{"embeddable":true,"href":"https:\/\/agora.xtec.cat\/ceip-falba\/wp-json\/wp\/v2\/media\/12577"}],"wp:attachment":[{"href":"https:\/\/agora.xtec.cat\/ceip-falba\/wp-json\/wp\/v2\/media?parent=12574"}],"wp:term":[{"taxonomy":"category","embeddable":true,"href":"https:\/\/agora.xtec.cat\/ceip-falba\/wp-json\/wp\/v2\/categories?post=12574"},{"taxonomy":"post_tag","embeddable":true,"href":"https:\/\/agora.xtec.cat\/ceip-falba\/wp-json\/wp\/v2\/tags?post=12574"}],"curies":[{"name":"wp","href":"https:\/\/api.w.org\/{rel}","templated":true}]}}