{"id":1254,"date":"2016-06-08T12:27:01","date_gmt":"2016-06-08T11:27:01","guid":{"rendered":"http:\/\/agora.xtec.cat\/ceip-falba\/?p=1254"},"modified":"2023-03-01T21:23:59","modified_gmt":"2023-03-01T20:23:59","slug":"musica-cantania","status":"publish","type":"post","link":"https:\/\/agora.xtec.cat\/ceip-falba\/portada\/musica-cantania\/","title":{"rendered":"M\u00daSICA: CANTANIA"},"content":{"rendered":"<p><strong>&#8220;BABAUA.\u00a0Les desventures de Mim\u00ed&#8221;<\/strong><\/p>\n<p><a href=\"http:\/\/agora.xtec.cat\/ceip-falba\/wp-content\/uploads\/usu658\/2016\/06\/babaua.jpg\" rel=\"attachment wp-att-1255\"><img loading=\"lazy\" decoding=\"async\" class=\"size-large wp-image-1255 aligncenter\" src=\"http:\/\/agora.xtec.cat\/ceip-falba\/wp-content\/uploads\/usu658\/2016\/06\/babaua-1024x1024.jpg\" alt=\"babaua\" width=\"1024\" height=\"1024\" srcset=\"https:\/\/agora.xtec.cat\/ceip-falba\/wp-content\/uploads\/usu658\/2016\/06\/babaua-1024x1024.jpg 1024w, https:\/\/agora.xtec.cat\/ceip-falba\/wp-content\/uploads\/usu658\/2016\/06\/babaua-150x150.jpg 150w, https:\/\/agora.xtec.cat\/ceip-falba\/wp-content\/uploads\/usu658\/2016\/06\/babaua-300x300.jpg 300w, https:\/\/agora.xtec.cat\/ceip-falba\/wp-content\/uploads\/usu658\/2016\/06\/babaua-768x769.jpg 768w, https:\/\/agora.xtec.cat\/ceip-falba\/wp-content\/uploads\/usu658\/2016\/06\/babaua.jpg 1418w\" sizes=\"auto, (max-width: 1024px) 100vw, 1024px\" \/><\/a><\/p>\n<p><strong>V\u00cdDEOS<\/strong><\/p>\n<p>Aqu\u00ed teniu els v\u00eddeos de la Cantania d&#8217;enguany, des de l&#8217;inici de l&#8217;espectacle fins al final. Estan penjats\u00a0al DROPBOX i els podeu descarregar per tenir-los vosaltres directament.<\/p>\n<p>Aquests v\u00eddeos els ha enregistrats el <strong>Francis Fern\u00e1ndez<\/strong>, el pare del Marc (5\u00e8A). Li volem agra\u00efr que ens hagi facilitat tenir-los i poder-los compartir amb la resta de fam\u00edlies.<\/p>\n<p><a href=\"https:\/\/www.dropbox.com\/sh\/78f5dunkqw3awec\/AABfadixfCiSPEp00hHXfxCva?dl=0\">Cantania: &#8220;Babaua. Les desventures de Mim\u00ed&#8221;<\/a><\/p>\n<p>Tamb\u00e9 varem filmar des de l&#8217;escola, on surten els nens i nenes de m\u00e9s a prop. Us deixem tamb\u00e9 l&#8217;enlla\u00e7 dels v\u00eddeos penjats al YouTube:<\/p>\n<p><a href=\"https:\/\/www.youtube.com\/watch?v=fAnezsoe82c\" target=\"_blank\" rel=\"noopener\">Cantania: &#8220;Babaua. Les desventures de Mim\u00ed&#8221; (1)<\/a><\/p>\n<p><a href=\"https:\/\/www.youtube.com\/watch?v=1aljBGYMZ7I\" target=\"_blank\" rel=\"noopener\">Cantania: &#8220;Babaua. Les desventures de Mim\u00ed&#8221; (2)<\/a><\/p>\n<p><a href=\"https:\/\/www.youtube.com\/watch?v=mPsWoEcuHxQ\" target=\"_blank\" rel=\"noopener\">Cantania: &#8220;Babaua. Les desventures de Mim\u00ed&#8221; (3)<\/a><\/p>\n<p><a href=\"https:\/\/www.youtube.com\/watch?v=gp-dW3whARE\" target=\"_blank\" rel=\"noopener\">Cantania: &#8220;Babaua. Les desventures de Mim\u00ed&#8221; (4)<\/a><\/p>\n<p><a href=\"https:\/\/www.youtube.com\/watch?v=R5cCCtgpbvE\" target=\"_blank\" rel=\"noopener\">Cantania: &#8220;Babaua. Les desventures de Mim\u00ed&#8221; (5)<\/a><\/p>\n<p><a href=\"https:\/\/www.youtube.com\/watch?v=E7ExKcPs3Jk\" target=\"_blank\" rel=\"noopener\">Cantania: &#8220;Babaua. Les desventures de Mim\u00ed&#8221; (6)<\/a><\/p>\n<p><a href=\"https:\/\/www.youtube.com\/watch?v=u571AWwWVGU\" target=\"_blank\" rel=\"noopener\">Cantania: &#8220;Babaua. Les desventures de Mim\u00ed&#8221; (7)<\/a><\/p>\n<p><a href=\"https:\/\/www.youtube.com\/watch?v=aR-_EnT2oVk\" target=\"_blank\" rel=\"noopener\">Cantania: &#8220;Babaua. Les desventures de Mim\u00ed&#8221; (8)<\/a><\/p>\n<p><a href=\"https:\/\/www.youtube.com\/watch?v=QP9Acxn1eo0\" target=\"_blank\" rel=\"noopener\">Cantania: &#8220;Babaua. Les desventures de Mim\u00ed&#8221; (9)<\/a><\/p>\n<p><a href=\"https:\/\/www.youtube.com\/watch?v=HvrW0thlfoM\" target=\"_blank\" rel=\"noopener\">Cantania: &#8220;Babaua. Les desventures de Mim\u00ed&#8221; (10)<\/a><\/p>\n<p><strong>ARTICLE:\u00a0<\/strong><\/p>\n<p>L&#8217;escola Font de l&#8217;Alba va participar del projecte Cantania el dia 9 de maig a les 11:30h, juntament amb altres escoles d&#8217;arreu de Catalunya.<\/p>\n<p>Aquesta cantata ha estat cantada per uns 42.000 nens de 3r, 4t, 5\u00e8 i 6\u00e8 d\u2019Educaci\u00f3 Prim\u00e0ria durant els mesos d\u2019abril, maig i juny de 2016 a L\u2019Auditori de Barcelona, El Vendrell, Figueres, Granollers, Manresa, Matar\u00f3, Olot, Reus, Sant Cugat, Vic, Vilafranca del Pened\u00e8s, Parla, Saragossa, Sevilla, Valladolid, Brussel\u2022les (B\u00e8lgica), Biefeld (Alemanya), Koblenz (Alemanya) i Neustadt (Alemanya).<\/p>\n<p>La nostra experi\u00e8ncia ha estat molt bona a tots els nivells, tant musical, social i cultural, ja que els infants han estat els protagonistes de dur a terme un concert t\u00e8cnicament dif\u00edcil, per\u00f2 a la vegada extraordinari.<\/p>\n<p><strong>MOLTES FELICITATS ALS NENS I NENES DE 5\u00e8!!!<\/strong><\/p>\n<p>&nbsp;<\/p>\n<p><strong>ARGUMENT<\/strong><\/p>\n<p>La Mim\u00ed \u00e9s una joveneta c\u00e0ndida i innocent, que viu preocupada pel seu aspecte, per la seva coqueteria. Amo\u00efnada per la dificultat de trobar prom\u00e8s, desencisada perqu\u00e8 cap dels seus pretendents no li fa el pes, Mim\u00ed rebr\u00e0 l\u2019ajuda de Cupido. Un Cupido m\u00faltiple, que li ofereix un pacte ben original: l\u2019ajudar\u00e0 a trobar l\u2019home dels seus somnis, si ella accepta fer un fascinant viatge pel temps i l\u2019espai. Un viatge que permetr\u00e0 la Mim\u00ed con\u00e8ixer personatges i esdeveniments que han tingut una import\u00e0ncia capital en l\u2019evoluci\u00f3 tecnol\u00f2gica de la humanitat. D\u2019aquesta manera, Mim\u00ed descobrir\u00e0 el gust per l\u2019aprenentatge i s\u2019oblidar\u00e0 de les banalitats sup\u00e8rflues que l\u2019havien preocupat fins que va topar amb Cupido. I, tot aprenent, Mim\u00ed entendr\u00e0 que el veritable amor est\u00e0 \u00edntimament relacionat amb la voluntat d\u2019estimar, m\u00e9s que no pas amb la facultat de seduir.<\/p>\n<p><strong>CR\u00c8DITS:<\/strong><br \/>\nM\u00fasica: Jordi Dom\u00e8nech<br \/>\nText: Pere Riera<br \/>\nDirecci\u00f3 Musical: Josep Prats i Elisenda Carrasco i Ribot<br \/>\nIl\u2022lustracions: Escola La Roda de Terrassa \u2013 alumnes de 5\u00e8 curs<br \/>\nProfessorat: Isabel Maria Covas, Rebeca Cinta i Montse Oll\u00e9<\/p>\n<p>INT\u00c8RPRETS:<br \/>\nOriol Mart\u00ed, contrabaix<br \/>\nJordi Dom\u00e8nech, piano<br \/>\nOleguer Bertran, trompa<br \/>\nJordi Guasp, trompa<br \/>\nImma Lluch, viola<br \/>\nPere Bartolom\u00e9, viol\u00ed<br \/>\nAleix Puig, viol\u00ed<br \/>\nQuico Pug\u00e8s, violoncel<\/p>\n<p>Anna Moliner i Miquel Cobos, solistes<\/p>\n<p>Ignasi Tom\u00e0s, director d\u2019escena<\/p>\n<p>&nbsp;<\/p>\n<p>&nbsp;<\/p>\n","protected":false},"excerpt":{"rendered":"<p>Aqu\u00ed teniu els v\u00eddeos del concert a l&#8217;auditori de la Cantata d&#8217;enguany: &#8220;BABAUA. Les desventures de Mim\u00ed&#8221;. Tamb\u00e9 un breu art\u00edcle i esperem poder fer un petit reportatge m\u00e9s endavant amb opinions d&#8217;infants i pares.&hellip;  <a href=\"https:\/\/agora.xtec.cat\/ceip-falba\/portada\/musica-cantania\/\" title=\"Read M\u00daSICA: CANTANIA\">Llegeix m\u00e9s\u00bb<\/a><\/p>\n","protected":false},"author":1,"featured_media":1255,"comment_status":"closed","ping_status":"closed","sticky":false,"template":"","format":"standard","meta":{"_bbp_topic_count":0,"_bbp_reply_count":0,"_bbp_total_topic_count":0,"_bbp_total_reply_count":0,"_bbp_voice_count":0,"_bbp_anonymous_reply_count":0,"_bbp_topic_count_hidden":0,"_bbp_reply_count_hidden":0,"_bbp_forum_subforum_count":0,"footnotes":""},"categories":[14,464,29,34,4,25],"tags":[],"class_list":["post-1254","post","type-post","status-publish","format-standard","has-post-thumbnail","hentry","category-5e","category-cantania","category-curs-2015-16","category-musica","category-portada","category-projectesescola"],"post_mailing_queue_ids":[],"_links":{"self":[{"href":"https:\/\/agora.xtec.cat\/ceip-falba\/wp-json\/wp\/v2\/posts\/1254","targetHints":{"allow":["GET"]}}],"collection":[{"href":"https:\/\/agora.xtec.cat\/ceip-falba\/wp-json\/wp\/v2\/posts"}],"about":[{"href":"https:\/\/agora.xtec.cat\/ceip-falba\/wp-json\/wp\/v2\/types\/post"}],"author":[{"embeddable":true,"href":"https:\/\/agora.xtec.cat\/ceip-falba\/wp-json\/wp\/v2\/users\/1"}],"replies":[{"embeddable":true,"href":"https:\/\/agora.xtec.cat\/ceip-falba\/wp-json\/wp\/v2\/comments?post=1254"}],"version-history":[{"count":3,"href":"https:\/\/agora.xtec.cat\/ceip-falba\/wp-json\/wp\/v2\/posts\/1254\/revisions"}],"predecessor-version":[{"id":11158,"href":"https:\/\/agora.xtec.cat\/ceip-falba\/wp-json\/wp\/v2\/posts\/1254\/revisions\/11158"}],"wp:featuredmedia":[{"embeddable":true,"href":"https:\/\/agora.xtec.cat\/ceip-falba\/wp-json\/wp\/v2\/media\/1255"}],"wp:attachment":[{"href":"https:\/\/agora.xtec.cat\/ceip-falba\/wp-json\/wp\/v2\/media?parent=1254"}],"wp:term":[{"taxonomy":"category","embeddable":true,"href":"https:\/\/agora.xtec.cat\/ceip-falba\/wp-json\/wp\/v2\/categories?post=1254"},{"taxonomy":"post_tag","embeddable":true,"href":"https:\/\/agora.xtec.cat\/ceip-falba\/wp-json\/wp\/v2\/tags?post=1254"}],"curies":[{"name":"wp","href":"https:\/\/api.w.org\/{rel}","templated":true}]}}