{"id":12519,"date":"2024-09-16T09:42:06","date_gmt":"2024-09-16T07:42:06","guid":{"rendered":"https:\/\/agora.xtec.cat\/ceip-falba\/?p=12519"},"modified":"2024-10-02T09:50:02","modified_gmt":"2024-10-02T07:50:02","slug":"i4-el-nostre-fil-invisible","status":"publish","type":"post","link":"https:\/\/agora.xtec.cat\/ceip-falba\/infantil\/i4-el-nostre-fil-invisible\/","title":{"rendered":"I4- El nostre Fil Invisible"},"content":{"rendered":"<p>El retrobament amb els nostres companys\/es ha estat molt especial. Despr\u00e9s de tants dies sense veure&#8217;ns hem aprofitat per escoltar la hist\u00f2ria del Fil Invisible, de la M\u00edriam Tirado.<\/p>\n<p>Un conte que parla sobre els vincles que tenim amb les persones que estimem: per molt lluny que estiguin, sempre hi ha un fil que ens connecta i ens fa sentir a prop. Aquest fil no es pot veure, ni tocar, per\u00f2 hi \u00e9s. Hem fet una din\u00e0mica de connectar-nos tots i totes, per representar les nostres relacions i els nostres vincles. Li d\u00e8iem una paraula bonica a un company\/a i li pass\u00e0vem aquest fil. Ha estat un moment molt especial per tots i totes nosaltres, i per finalitzar, hem pogut guardar un tros d&#8217;aquest fil. \u2764<\/p>\n<p><a href=\"https:\/\/drive.google.com\/drive\/folders\/1EoxRE6IeBjx70nlDL9as9bw6XCDHvhgm?usp=sharing\">FOTOS AQU\u00cd<\/a><\/p>\n<p><a href=\"https:\/\/agora.xtec.cat\/ceip-falba\/wp-content\/uploads\/usu658\/2024\/10\/IMG_3988.jpg\"><img loading=\"lazy\" decoding=\"async\" class=\"alignnone size-large wp-image-12520\" src=\"https:\/\/agora.xtec.cat\/ceip-falba\/wp-content\/uploads\/usu658\/2024\/10\/IMG_3988-1024x768.jpg\" alt=\"\" width=\"1024\" height=\"768\" srcset=\"https:\/\/agora.xtec.cat\/ceip-falba\/wp-content\/uploads\/usu658\/2024\/10\/IMG_3988-1024x768.jpg 1024w, https:\/\/agora.xtec.cat\/ceip-falba\/wp-content\/uploads\/usu658\/2024\/10\/IMG_3988-300x225.jpg 300w, https:\/\/agora.xtec.cat\/ceip-falba\/wp-content\/uploads\/usu658\/2024\/10\/IMG_3988-768x576.jpg 768w, https:\/\/agora.xtec.cat\/ceip-falba\/wp-content\/uploads\/usu658\/2024\/10\/IMG_3988-1536x1152.jpg 1536w, https:\/\/agora.xtec.cat\/ceip-falba\/wp-content\/uploads\/usu658\/2024\/10\/IMG_3988-200x150.jpg 200w, https:\/\/agora.xtec.cat\/ceip-falba\/wp-content\/uploads\/usu658\/2024\/10\/IMG_3988.jpg 2000w\" sizes=\"auto, (max-width: 1024px) 100vw, 1024px\" \/><\/a><\/p>\n<p>&nbsp;<\/p>\n","protected":false},"excerpt":{"rendered":"<p>El retrobament amb els nostres companys\/es ha estat molt especial. Despr\u00e9s de tants dies sense veure&#8217;ns hem aprofitat per escoltar la hist\u00f2ria del Fil Invisible, de la M\u00edriam Tirado.<br \/>\nUn conte que parla sobre els vincles que tenim amb les persones que estimem: per molt lluny&hellip;  <a href=\"https:\/\/agora.xtec.cat\/ceip-falba\/infantil\/i4-el-nostre-fil-invisible\/\" title=\"Read I4- El nostre Fil Invisible\">Llegeix m\u00e9s\u00bb<\/a><\/p>\n","protected":false},"author":71,"featured_media":12520,"comment_status":"closed","ping_status":"closed","sticky":false,"template":"","format":"standard","meta":{"_bbp_topic_count":0,"_bbp_reply_count":0,"_bbp_total_topic_count":0,"_bbp_total_reply_count":0,"_bbp_voice_count":0,"_bbp_anonymous_reply_count":0,"_bbp_topic_count_hidden":0,"_bbp_reply_count_hidden":0,"_bbp_forum_subforum_count":0,"footnotes":""},"categories":[340,513,459,8,2,4],"tags":[],"class_list":["post-12519","post","type-post","status-publish","format-standard","has-post-thumbnail","hentry","category-comunitat-de-petits","category-curs-2024-25","category-emocions","category-p4","category-infantil","category-portada"],"post_mailing_queue_ids":[],"_links":{"self":[{"href":"https:\/\/agora.xtec.cat\/ceip-falba\/wp-json\/wp\/v2\/posts\/12519","targetHints":{"allow":["GET"]}}],"collection":[{"href":"https:\/\/agora.xtec.cat\/ceip-falba\/wp-json\/wp\/v2\/posts"}],"about":[{"href":"https:\/\/agora.xtec.cat\/ceip-falba\/wp-json\/wp\/v2\/types\/post"}],"author":[{"embeddable":true,"href":"https:\/\/agora.xtec.cat\/ceip-falba\/wp-json\/wp\/v2\/users\/71"}],"replies":[{"embeddable":true,"href":"https:\/\/agora.xtec.cat\/ceip-falba\/wp-json\/wp\/v2\/comments?post=12519"}],"version-history":[{"count":1,"href":"https:\/\/agora.xtec.cat\/ceip-falba\/wp-json\/wp\/v2\/posts\/12519\/revisions"}],"predecessor-version":[{"id":12521,"href":"https:\/\/agora.xtec.cat\/ceip-falba\/wp-json\/wp\/v2\/posts\/12519\/revisions\/12521"}],"wp:featuredmedia":[{"embeddable":true,"href":"https:\/\/agora.xtec.cat\/ceip-falba\/wp-json\/wp\/v2\/media\/12520"}],"wp:attachment":[{"href":"https:\/\/agora.xtec.cat\/ceip-falba\/wp-json\/wp\/v2\/media?parent=12519"}],"wp:term":[{"taxonomy":"category","embeddable":true,"href":"https:\/\/agora.xtec.cat\/ceip-falba\/wp-json\/wp\/v2\/categories?post=12519"},{"taxonomy":"post_tag","embeddable":true,"href":"https:\/\/agora.xtec.cat\/ceip-falba\/wp-json\/wp\/v2\/tags?post=12519"}],"curies":[{"name":"wp","href":"https:\/\/api.w.org\/{rel}","templated":true}]}}