{"id":12516,"date":"2024-09-20T11:11:10","date_gmt":"2024-09-20T09:11:10","guid":{"rendered":"https:\/\/agora.xtec.cat\/ceip-falba\/?p=12516"},"modified":"2024-09-20T11:11:10","modified_gmt":"2024-09-20T09:11:10","slug":"toc-de-claqueta-a-font-tv","status":"publish","type":"post","link":"https:\/\/agora.xtec.cat\/ceip-falba\/portada\/toc-de-claqueta-a-font-tv\/","title":{"rendered":"Toc de claqueta a Font TV"},"content":{"rendered":"<p>Durant aquesta setmana l&#8217;equip responsable de dur a terme Font TV ha realitzat diverses masterclass als cursos de 4t, 5\u00e8 i 6\u00e8 que enguany realitzaran una nova proposta de programa.<\/p>\n<p>L&#8217;objectiu principal d&#8217;aquesta proposta \u00e9s desenvolupar l&#8217;aprenentatge i domini de la llengua catalana tant de forma escrita, com oral. Aquest projecte te un especial \u00e8mfasi en l&#8217;\u00e0mbit audiovisual, de manera que els mateixos alumnes fan tamb\u00e9 tot el proc\u00e9s de gravaci\u00f3: portar c\u00e0meres, la il\u00b7luminaci\u00f3, preparar l&#8217;espai de gravaci\u00f3, sonoritzar la sala amb micr\u00f2fons, la pr\u00f2pia edici\u00f3 de les seves seccions i fins i tot la difusi\u00f3 del programa compartint-lo a les xarxes socials.<\/p>\n<p>Farem entre tots els cursos de la comunitat gran un sol programa de forma cooperativa. Si tot va b\u00e9, cada trimestre dividirem de forma cooperativa un programa de Font TV, a la vegada que 6\u00e8, expert ja en la mat\u00e8ria, realitzar\u00e0 tamb\u00e9 en solitari un altre programa cada trimestre.<\/p>\n<p>Esperem que ens pugueu seguir i donar ress\u00f2 a aquesta proposta mirant i comentant els programes amb els vostres fills i filles.<\/p>\n<p><a href=\"https:\/\/agora.xtec.cat\/ceip-falba\/wp-content\/uploads\/usu658\/2024\/09\/IMG_3807.jpg\"><img loading=\"lazy\" decoding=\"async\" class=\"size-full wp-image-12517 aligncenter\" src=\"https:\/\/agora.xtec.cat\/ceip-falba\/wp-content\/uploads\/usu658\/2024\/09\/IMG_3807.jpg\" alt=\"\" width=\"640\" height=\"480\" srcset=\"https:\/\/agora.xtec.cat\/ceip-falba\/wp-content\/uploads\/usu658\/2024\/09\/IMG_3807.jpg 640w, https:\/\/agora.xtec.cat\/ceip-falba\/wp-content\/uploads\/usu658\/2024\/09\/IMG_3807-300x225.jpg 300w, https:\/\/agora.xtec.cat\/ceip-falba\/wp-content\/uploads\/usu658\/2024\/09\/IMG_3807-200x150.jpg 200w\" sizes=\"auto, (max-width: 640px) 100vw, 640px\" \/><\/a><\/p>\n<p>&nbsp;<\/p>\n<p>&nbsp;<\/p>\n<p>&nbsp;<\/p>\n<p>&nbsp;<\/p>\n","protected":false},"excerpt":{"rendered":"<p>Durant aquesta setmana l&#8217;equip responsable de dur a terme Font TV ha realitzat diverses masterclass als cursos de 4t, 5\u00e8 i 6\u00e8 que enguany realitzaran una nova proposta de programa.&hellip;  <a href=\"https:\/\/agora.xtec.cat\/ceip-falba\/portada\/toc-de-claqueta-a-font-tv\/\" title=\"Read Toc de claqueta a Font TV\">Llegeix m\u00e9s\u00bb<\/a><\/p>\n","protected":false},"author":92,"featured_media":12517,"comment_status":"closed","ping_status":"closed","sticky":false,"template":"","format":"standard","meta":{"_bbp_topic_count":0,"_bbp_reply_count":0,"_bbp_total_topic_count":0,"_bbp_total_reply_count":0,"_bbp_voice_count":0,"_bbp_anonymous_reply_count":0,"_bbp_topic_count_hidden":0,"_bbp_reply_count_hidden":0,"_bbp_forum_subforum_count":0,"footnotes":""},"categories":[211,14,15,445,513,26,4,5,25],"tags":[],"class_list":["post-12516","post","type-post","status-publish","format-standard","has-post-thumbnail","hentry","category-4t","category-5e","category-6e","category-comunitat-gran","category-curs-2024-25","category-fonttv","category-portada","category-primaria","category-projectesescola"],"post_mailing_queue_ids":[],"_links":{"self":[{"href":"https:\/\/agora.xtec.cat\/ceip-falba\/wp-json\/wp\/v2\/posts\/12516","targetHints":{"allow":["GET"]}}],"collection":[{"href":"https:\/\/agora.xtec.cat\/ceip-falba\/wp-json\/wp\/v2\/posts"}],"about":[{"href":"https:\/\/agora.xtec.cat\/ceip-falba\/wp-json\/wp\/v2\/types\/post"}],"author":[{"embeddable":true,"href":"https:\/\/agora.xtec.cat\/ceip-falba\/wp-json\/wp\/v2\/users\/92"}],"replies":[{"embeddable":true,"href":"https:\/\/agora.xtec.cat\/ceip-falba\/wp-json\/wp\/v2\/comments?post=12516"}],"version-history":[{"count":1,"href":"https:\/\/agora.xtec.cat\/ceip-falba\/wp-json\/wp\/v2\/posts\/12516\/revisions"}],"predecessor-version":[{"id":12518,"href":"https:\/\/agora.xtec.cat\/ceip-falba\/wp-json\/wp\/v2\/posts\/12516\/revisions\/12518"}],"wp:featuredmedia":[{"embeddable":true,"href":"https:\/\/agora.xtec.cat\/ceip-falba\/wp-json\/wp\/v2\/media\/12517"}],"wp:attachment":[{"href":"https:\/\/agora.xtec.cat\/ceip-falba\/wp-json\/wp\/v2\/media?parent=12516"}],"wp:term":[{"taxonomy":"category","embeddable":true,"href":"https:\/\/agora.xtec.cat\/ceip-falba\/wp-json\/wp\/v2\/categories?post=12516"},{"taxonomy":"post_tag","embeddable":true,"href":"https:\/\/agora.xtec.cat\/ceip-falba\/wp-json\/wp\/v2\/tags?post=12516"}],"curies":[{"name":"wp","href":"https:\/\/api.w.org\/{rel}","templated":true}]}}