{"id":12460,"date":"2024-06-28T18:00:20","date_gmt":"2024-06-28T16:00:20","guid":{"rendered":"https:\/\/agora.xtec.cat\/ceip-falba\/?p=12460"},"modified":"2024-07-02T13:03:10","modified_gmt":"2024-07-02T11:03:10","slug":"comiat-graduacio-6e-promocio-2015-2024","status":"publish","type":"post","link":"https:\/\/agora.xtec.cat\/ceip-falba\/general\/comiat-graduacio-6e-promocio-2015-2024\/","title":{"rendered":"COMIAT-GRADUACI\u00d3 6\u00e8 (PROMOCI\u00d3 2015-2024)"},"content":{"rendered":"<p>Hola a tothom!!!<\/p>\n<p>Aqu\u00ed teniu <a href=\"https:\/\/youtu.be\/mnmIQBMefJw?si=sPjTxSJnpsM3a6mm\">el v\u00eddeo del comiat que el passat dia 20 de juny se li va fer als infant<\/a>s de sis\u00e8 de prim\u00e0ria de la nostra escola.<\/p>\n<p>Que tingueu molta sort i felicitat en el vostre cam\u00ed.<\/p>\n<p>&nbsp;<\/p>\n<p>&nbsp;<\/p>\n","protected":false},"excerpt":{"rendered":"<p>Hola a tothom!!!<br \/>\nAqu\u00ed teniu <a href=\"https:\/\/youtu.be\/mnmIQBMefJw?si=sPjTxSJnpsM3a6mm\">el v\u00eddeo del comiat que el passat dia 20 de juny se li va fer als infant<\/a>s de sis\u00e8 de prim\u00e0ria de la nostra escola.<br \/>\nQue tingueu molta sort i felicitat en el vostre cam\u00ed.<br \/>\n&nbsp;<br \/>\n&nbsp;<\/p>\n","protected":false},"author":20,"featured_media":12461,"comment_status":"closed","ping_status":"closed","sticky":false,"template":"","format":"standard","meta":{"_bbp_topic_count":0,"_bbp_reply_count":0,"_bbp_total_topic_count":0,"_bbp_total_reply_count":0,"_bbp_voice_count":0,"_bbp_anonymous_reply_count":0,"_bbp_topic_count_hidden":0,"_bbp_reply_count_hidden":0,"_bbp_forum_subforum_count":0,"footnotes":""},"categories":[15,445,490,459,35,1,4,5],"tags":[],"class_list":["post-12460","post","type-post","status-publish","format-standard","has-post-thumbnail","hentry","category-6e","category-comunitat-gran","category-curs-2023-24","category-emocions","category-festes","category-general","category-portada","category-primaria"],"post_mailing_queue_ids":[],"_links":{"self":[{"href":"https:\/\/agora.xtec.cat\/ceip-falba\/wp-json\/wp\/v2\/posts\/12460","targetHints":{"allow":["GET"]}}],"collection":[{"href":"https:\/\/agora.xtec.cat\/ceip-falba\/wp-json\/wp\/v2\/posts"}],"about":[{"href":"https:\/\/agora.xtec.cat\/ceip-falba\/wp-json\/wp\/v2\/types\/post"}],"author":[{"embeddable":true,"href":"https:\/\/agora.xtec.cat\/ceip-falba\/wp-json\/wp\/v2\/users\/20"}],"replies":[{"embeddable":true,"href":"https:\/\/agora.xtec.cat\/ceip-falba\/wp-json\/wp\/v2\/comments?post=12460"}],"version-history":[{"count":1,"href":"https:\/\/agora.xtec.cat\/ceip-falba\/wp-json\/wp\/v2\/posts\/12460\/revisions"}],"predecessor-version":[{"id":12462,"href":"https:\/\/agora.xtec.cat\/ceip-falba\/wp-json\/wp\/v2\/posts\/12460\/revisions\/12462"}],"wp:featuredmedia":[{"embeddable":true,"href":"https:\/\/agora.xtec.cat\/ceip-falba\/wp-json\/wp\/v2\/media\/12461"}],"wp:attachment":[{"href":"https:\/\/agora.xtec.cat\/ceip-falba\/wp-json\/wp\/v2\/media?parent=12460"}],"wp:term":[{"taxonomy":"category","embeddable":true,"href":"https:\/\/agora.xtec.cat\/ceip-falba\/wp-json\/wp\/v2\/categories?post=12460"},{"taxonomy":"post_tag","embeddable":true,"href":"https:\/\/agora.xtec.cat\/ceip-falba\/wp-json\/wp\/v2\/tags?post=12460"}],"curies":[{"name":"wp","href":"https:\/\/api.w.org\/{rel}","templated":true}]}}