{"id":12442,"date":"2024-06-28T09:24:36","date_gmt":"2024-06-28T07:24:36","guid":{"rendered":"https:\/\/agora.xtec.cat\/ceip-falba\/?p=12442"},"modified":"2024-06-28T09:24:36","modified_gmt":"2024-06-28T07:24:36","slug":"programa-1-de-font-tv-de-lalumnat-de-5e","status":"publish","type":"post","link":"https:\/\/agora.xtec.cat\/ceip-falba\/portada\/programa-1-de-font-tv-de-lalumnat-de-5e\/","title":{"rendered":"PROGRAMA 1 DE FONT TV DE L&#8217;ALUMNAT DE 5\u00c8"},"content":{"rendered":"<p><a href=\"https:\/\/youtu.be\/dZCo06uQt8g?si=MK06UlibqdyjAcZv\"><img loading=\"lazy\" decoding=\"async\" class=\"alignnone wp-image-12443 size-large\" src=\"https:\/\/agora.xtec.cat\/ceip-falba\/wp-content\/uploads\/usu658\/2024\/06\/PHOTO-2024-06-19-13-28-40-1024x576.jpg\" alt=\"\" width=\"1024\" height=\"576\" srcset=\"https:\/\/agora.xtec.cat\/ceip-falba\/wp-content\/uploads\/usu658\/2024\/06\/PHOTO-2024-06-19-13-28-40-1024x576.jpg 1024w, https:\/\/agora.xtec.cat\/ceip-falba\/wp-content\/uploads\/usu658\/2024\/06\/PHOTO-2024-06-19-13-28-40-300x169.jpg 300w, https:\/\/agora.xtec.cat\/ceip-falba\/wp-content\/uploads\/usu658\/2024\/06\/PHOTO-2024-06-19-13-28-40-768x432.jpg 768w, https:\/\/agora.xtec.cat\/ceip-falba\/wp-content\/uploads\/usu658\/2024\/06\/PHOTO-2024-06-19-13-28-40.jpg 1280w\" sizes=\"auto, (max-width: 1024px) 100vw, 1024px\" \/><\/a><\/p>\n<p>Aquest trimestre 5\u00e8 ha realitzat el seu primer programa de Font Tv. Deixem enrere el format del &#8220;Teixint hist\u00f2ries&#8221; i decidim fer adaptacions del programa Font Tv per qu\u00e8 l&#8217;alumnat de 5\u00e8 el pugui dur a terme. Ha quedat molt b\u00e9 i aqu\u00ed en podeu veure el resultat.<\/p>\n<p>El programa ha estat gravat en un nou estudi de gravaci\u00f3, per\u00f2 no en desvetllem res m\u00e9s, ja que el curs vinent en volem fer la inauguraci\u00f3.<\/p>\n<p>Esperem que us agradi!<\/p>\n<p><a href=\"https:\/\/youtu.be\/dZCo06uQt8g?si=MK06UlibqdyjAcZv\">Veure v\u00eddeo Font Tv (Programa 1 de cinqu\u00e8)<\/a><\/p>\n<p>&nbsp;<\/p>\n","protected":false},"excerpt":{"rendered":"<p>Aquest trimestre 5\u00e8 ha realitzat el seu primer programa de Font Tv.&hellip;  <a href=\"https:\/\/agora.xtec.cat\/ceip-falba\/portada\/programa-1-de-font-tv-de-lalumnat-de-5e\/\" title=\"Read PROGRAMA 1 DE FONT TV DE L&#8217;ALUMNAT DE 5\u00c8\">Llegeix m\u00e9s\u00bb<\/a><\/p>\n","protected":false},"author":72,"featured_media":12443,"comment_status":"open","ping_status":"closed","sticky":false,"template":"","format":"standard","meta":{"_bbp_topic_count":0,"_bbp_reply_count":0,"_bbp_total_topic_count":0,"_bbp_total_reply_count":0,"_bbp_voice_count":0,"_bbp_anonymous_reply_count":0,"_bbp_topic_count_hidden":0,"_bbp_reply_count_hidden":0,"_bbp_forum_subforum_count":0,"footnotes":""},"categories":[14,445,490,26,4,25],"tags":[257,19,473,282],"class_list":["post-12442","post","type-post","status-publish","format-standard","has-post-thumbnail","hentry","category-5e","category-comunitat-gran","category-curs-2023-24","category-fonttv","category-portada","category-projectesescola","tag-5e","tag-audiovisuals","tag-comunitatgran","tag-font-tv"],"post_mailing_queue_ids":[],"_links":{"self":[{"href":"https:\/\/agora.xtec.cat\/ceip-falba\/wp-json\/wp\/v2\/posts\/12442","targetHints":{"allow":["GET"]}}],"collection":[{"href":"https:\/\/agora.xtec.cat\/ceip-falba\/wp-json\/wp\/v2\/posts"}],"about":[{"href":"https:\/\/agora.xtec.cat\/ceip-falba\/wp-json\/wp\/v2\/types\/post"}],"author":[{"embeddable":true,"href":"https:\/\/agora.xtec.cat\/ceip-falba\/wp-json\/wp\/v2\/users\/72"}],"replies":[{"embeddable":true,"href":"https:\/\/agora.xtec.cat\/ceip-falba\/wp-json\/wp\/v2\/comments?post=12442"}],"version-history":[{"count":2,"href":"https:\/\/agora.xtec.cat\/ceip-falba\/wp-json\/wp\/v2\/posts\/12442\/revisions"}],"predecessor-version":[{"id":12458,"href":"https:\/\/agora.xtec.cat\/ceip-falba\/wp-json\/wp\/v2\/posts\/12442\/revisions\/12458"}],"wp:featuredmedia":[{"embeddable":true,"href":"https:\/\/agora.xtec.cat\/ceip-falba\/wp-json\/wp\/v2\/media\/12443"}],"wp:attachment":[{"href":"https:\/\/agora.xtec.cat\/ceip-falba\/wp-json\/wp\/v2\/media?parent=12442"}],"wp:term":[{"taxonomy":"category","embeddable":true,"href":"https:\/\/agora.xtec.cat\/ceip-falba\/wp-json\/wp\/v2\/categories?post=12442"},{"taxonomy":"post_tag","embeddable":true,"href":"https:\/\/agora.xtec.cat\/ceip-falba\/wp-json\/wp\/v2\/tags?post=12442"}],"curies":[{"name":"wp","href":"https:\/\/api.w.org\/{rel}","templated":true}]}}