{"id":12415,"date":"2024-06-03T10:12:39","date_gmt":"2024-06-03T08:12:39","guid":{"rendered":"https:\/\/agora.xtec.cat\/ceip-falba\/?p=12415"},"modified":"2024-06-13T10:43:29","modified_gmt":"2024-06-13T08:43:29","slug":"dracs-de-catalunya","status":"publish","type":"post","link":"https:\/\/agora.xtec.cat\/ceip-falba\/portada\/dracs-de-catalunya\/","title":{"rendered":"Dracs de Catalunya"},"content":{"rendered":"<p>Aquest trimestre, l&#8217;alumnat de 4t ha estat treballant el context de les comarques a trav\u00e9s de les festes i tradicions catalanes com Sant Jordi, l&#8217;auca dels castellers o el bestiari festiu i popular de Catalunya. I, despr\u00e9s de cercar informaci\u00f3 i localitzar-los en el mapa, s&#8217;han embarcat en una nova aventura: han realitzat un petit mostrari de diferents dracs de Catalunya. Han volgut posar en dubte la idea de que tots els dracs s\u00f3n verds. S&#8217;han donat compte que no, hi ha de verds per\u00f2 tamb\u00e9 d&#8217;altres colors, d&#8217;un sol cap, de dos, amb ales, cos de serp, cap d&#8217;ocell,&#8230; Tamb\u00e9 hi ha que van amb rodes i d&#8217;altres que s\u00f3n aixecats per una sola persona! Tots ells surten per festes i la gent balla al seu voltant, a les nits treuen foc pels queixals!<\/p>\n<p><a href=\"https:\/\/agora.xtec.cat\/ceip-falba\/wp-content\/uploads\/usu658\/2024\/06\/IMG_20240613_100214-1.jpg\"><img loading=\"lazy\" decoding=\"async\" class=\"alignnone size-full wp-image-12416\" src=\"https:\/\/agora.xtec.cat\/ceip-falba\/wp-content\/uploads\/usu658\/2024\/06\/IMG_20240613_100214-1.jpg\" alt=\"\" width=\"1079\" height=\"1410\" srcset=\"https:\/\/agora.xtec.cat\/ceip-falba\/wp-content\/uploads\/usu658\/2024\/06\/IMG_20240613_100214-1.jpg 1079w, https:\/\/agora.xtec.cat\/ceip-falba\/wp-content\/uploads\/usu658\/2024\/06\/IMG_20240613_100214-1-230x300.jpg 230w, https:\/\/agora.xtec.cat\/ceip-falba\/wp-content\/uploads\/usu658\/2024\/06\/IMG_20240613_100214-1-784x1024.jpg 784w, https:\/\/agora.xtec.cat\/ceip-falba\/wp-content\/uploads\/usu658\/2024\/06\/IMG_20240613_100214-1-768x1004.jpg 768w\" sizes=\"auto, (max-width: 1079px) 100vw, 1079px\" \/><\/a><\/p>\n<p><a href=\"https:\/\/agora.xtec.cat\/ceip-falba\/wp-content\/uploads\/usu658\/2024\/06\/IMG_20240613_100722.jpg\"><img loading=\"lazy\" decoding=\"async\" class=\"alignnone size-full wp-image-12418\" src=\"https:\/\/agora.xtec.cat\/ceip-falba\/wp-content\/uploads\/usu658\/2024\/06\/IMG_20240613_100722.jpg\" alt=\"\" width=\"1079\" height=\"1424\" srcset=\"https:\/\/agora.xtec.cat\/ceip-falba\/wp-content\/uploads\/usu658\/2024\/06\/IMG_20240613_100722.jpg 1079w, https:\/\/agora.xtec.cat\/ceip-falba\/wp-content\/uploads\/usu658\/2024\/06\/IMG_20240613_100722-227x300.jpg 227w, https:\/\/agora.xtec.cat\/ceip-falba\/wp-content\/uploads\/usu658\/2024\/06\/IMG_20240613_100722-776x1024.jpg 776w, https:\/\/agora.xtec.cat\/ceip-falba\/wp-content\/uploads\/usu658\/2024\/06\/IMG_20240613_100722-768x1014.jpg 768w\" sizes=\"auto, (max-width: 1079px) 100vw, 1079px\" \/><\/a><a href=\"https:\/\/agora.xtec.cat\/ceip-falba\/wp-content\/uploads\/usu658\/2024\/06\/IMG_20240613_100157-1.jpg\"><img loading=\"lazy\" decoding=\"async\" class=\"alignnone  wp-image-12417\" src=\"https:\/\/agora.xtec.cat\/ceip-falba\/wp-content\/uploads\/usu658\/2024\/06\/IMG_20240613_100157-1.jpg\" alt=\"\" width=\"1079\" height=\"1428\" srcset=\"https:\/\/agora.xtec.cat\/ceip-falba\/wp-content\/uploads\/usu658\/2024\/06\/IMG_20240613_100157-1.jpg 1079w, https:\/\/agora.xtec.cat\/ceip-falba\/wp-content\/uploads\/usu658\/2024\/06\/IMG_20240613_100157-1-227x300.jpg 227w, https:\/\/agora.xtec.cat\/ceip-falba\/wp-content\/uploads\/usu658\/2024\/06\/IMG_20240613_100157-1-774x1024.jpg 774w, https:\/\/agora.xtec.cat\/ceip-falba\/wp-content\/uploads\/usu658\/2024\/06\/IMG_20240613_100157-1-768x1016.jpg 768w\" sizes=\"auto, (max-width: 1079px) 100vw, 1079px\" \/><\/a><\/p>\n<p><a href=\"https:\/\/agora.xtec.cat\/ceip-falba\/wp-content\/uploads\/usu658\/2024\/06\/IMG_20240613_103258.jpg\"><img loading=\"lazy\" decoding=\"async\" class=\"alignnone size-full wp-image-12419\" src=\"https:\/\/agora.xtec.cat\/ceip-falba\/wp-content\/uploads\/usu658\/2024\/06\/IMG_20240613_103258.jpg\" alt=\"\" width=\"1063\" height=\"1468\" srcset=\"https:\/\/agora.xtec.cat\/ceip-falba\/wp-content\/uploads\/usu658\/2024\/06\/IMG_20240613_103258.jpg 1063w, https:\/\/agora.xtec.cat\/ceip-falba\/wp-content\/uploads\/usu658\/2024\/06\/IMG_20240613_103258-217x300.jpg 217w, https:\/\/agora.xtec.cat\/ceip-falba\/wp-content\/uploads\/usu658\/2024\/06\/IMG_20240613_103258-741x1024.jpg 741w, https:\/\/agora.xtec.cat\/ceip-falba\/wp-content\/uploads\/usu658\/2024\/06\/IMG_20240613_103258-768x1061.jpg 768w\" sizes=\"auto, (max-width: 1063px) 100vw, 1063px\" \/><\/a><\/p>\n<p><a href=\"https:\/\/agora.xtec.cat\/ceip-falba\/wp-content\/uploads\/usu658\/2024\/06\/IMG_20240613_103408.jpg\"><img loading=\"lazy\" decoding=\"async\" class=\"alignnone size-full wp-image-12420\" src=\"https:\/\/agora.xtec.cat\/ceip-falba\/wp-content\/uploads\/usu658\/2024\/06\/IMG_20240613_103408.jpg\" alt=\"\" width=\"1079\" height=\"1476\" srcset=\"https:\/\/agora.xtec.cat\/ceip-falba\/wp-content\/uploads\/usu658\/2024\/06\/IMG_20240613_103408.jpg 1079w, https:\/\/agora.xtec.cat\/ceip-falba\/wp-content\/uploads\/usu658\/2024\/06\/IMG_20240613_103408-219x300.jpg 219w, https:\/\/agora.xtec.cat\/ceip-falba\/wp-content\/uploads\/usu658\/2024\/06\/IMG_20240613_103408-749x1024.jpg 749w, https:\/\/agora.xtec.cat\/ceip-falba\/wp-content\/uploads\/usu658\/2024\/06\/IMG_20240613_103408-768x1051.jpg 768w\" sizes=\"auto, (max-width: 1079px) 100vw, 1079px\" \/><\/a><\/p>\n","protected":false},"excerpt":{"rendered":"<p>Aquest trimestre, l&#8217;alumnat de 4t ha estat treballant el context de les comarques a trav\u00e9s de les festes i tradicions catalanes i s&#8217;han embarcat en una nova aventura: han realitzat un petit mostrari de diferents dracs de Catalunya.&hellip;  <a href=\"https:\/\/agora.xtec.cat\/ceip-falba\/portada\/dracs-de-catalunya\/\" title=\"Read Dracs de Catalunya\">Llegeix m\u00e9s\u00bb<\/a><\/p>\n","protected":false},"author":48,"featured_media":12421,"comment_status":"closed","ping_status":"closed","sticky":false,"template":"","format":"standard","meta":{"_bbp_topic_count":0,"_bbp_reply_count":0,"_bbp_total_topic_count":0,"_bbp_total_reply_count":0,"_bbp_voice_count":0,"_bbp_anonymous_reply_count":0,"_bbp_topic_count_hidden":0,"_bbp_reply_count_hidden":0,"_bbp_forum_subforum_count":0,"footnotes":""},"categories":[211,445,453,490,4,5],"tags":[349],"class_list":["post-12415","post","type-post","status-publish","format-standard","has-post-thumbnail","hentry","category-4t","category-comunitat-gran","category-contextos-daprenentatge","category-curs-2023-24","category-portada","category-primaria","tag-context"],"post_mailing_queue_ids":[],"_links":{"self":[{"href":"https:\/\/agora.xtec.cat\/ceip-falba\/wp-json\/wp\/v2\/posts\/12415","targetHints":{"allow":["GET"]}}],"collection":[{"href":"https:\/\/agora.xtec.cat\/ceip-falba\/wp-json\/wp\/v2\/posts"}],"about":[{"href":"https:\/\/agora.xtec.cat\/ceip-falba\/wp-json\/wp\/v2\/types\/post"}],"author":[{"embeddable":true,"href":"https:\/\/agora.xtec.cat\/ceip-falba\/wp-json\/wp\/v2\/users\/48"}],"replies":[{"embeddable":true,"href":"https:\/\/agora.xtec.cat\/ceip-falba\/wp-json\/wp\/v2\/comments?post=12415"}],"version-history":[{"count":1,"href":"https:\/\/agora.xtec.cat\/ceip-falba\/wp-json\/wp\/v2\/posts\/12415\/revisions"}],"predecessor-version":[{"id":12422,"href":"https:\/\/agora.xtec.cat\/ceip-falba\/wp-json\/wp\/v2\/posts\/12415\/revisions\/12422"}],"wp:featuredmedia":[{"embeddable":true,"href":"https:\/\/agora.xtec.cat\/ceip-falba\/wp-json\/wp\/v2\/media\/12421"}],"wp:attachment":[{"href":"https:\/\/agora.xtec.cat\/ceip-falba\/wp-json\/wp\/v2\/media?parent=12415"}],"wp:term":[{"taxonomy":"category","embeddable":true,"href":"https:\/\/agora.xtec.cat\/ceip-falba\/wp-json\/wp\/v2\/categories?post=12415"},{"taxonomy":"post_tag","embeddable":true,"href":"https:\/\/agora.xtec.cat\/ceip-falba\/wp-json\/wp\/v2\/tags?post=12415"}],"curies":[{"name":"wp","href":"https:\/\/api.w.org\/{rel}","templated":true}]}}