{"id":12406,"date":"2024-06-11T22:50:36","date_gmt":"2024-06-11T20:50:36","guid":{"rendered":"https:\/\/agora.xtec.cat\/ceip-falba\/?p=12406"},"modified":"2024-06-11T22:50:36","modified_gmt":"2024-06-11T20:50:36","slug":"cloenda-lecxit","status":"publish","type":"post","link":"https:\/\/agora.xtec.cat\/ceip-falba\/portada\/cloenda-lecxit\/","title":{"rendered":"Cloenda LECXIT"},"content":{"rendered":"<p><a href=\"https:\/\/drive.google.com\/file\/d\/1_7zg-0bQbO8h4rKcFZokZjo4ibiRPzl6\/view?usp=sharing\"><img loading=\"lazy\" decoding=\"async\" class=\"aligncenter wp-image-12408\" src=\"https:\/\/agora.xtec.cat\/ceip-falba\/wp-content\/uploads\/usu658\/2024\/06\/LECXIT-1-300x197.png\" alt=\"\" width=\"447\" height=\"294\" srcset=\"https:\/\/agora.xtec.cat\/ceip-falba\/wp-content\/uploads\/usu658\/2024\/06\/LECXIT-1-300x197.png 300w, https:\/\/agora.xtec.cat\/ceip-falba\/wp-content\/uploads\/usu658\/2024\/06\/LECXIT-1-768x505.png 768w, https:\/\/agora.xtec.cat\/ceip-falba\/wp-content\/uploads\/usu658\/2024\/06\/LECXIT-1.png 808w\" sizes=\"auto, (max-width: 447px) 100vw, 447px\" \/><\/a><\/p>\n<h6 dir=\"auto\"><span style=\"color: #339966;\">Finalitzant el curs, ens venen grans somriures quan recordem els moments tan divertits i emotius que hem gaudit amb les parelles lectores del programa LECXIT.<\/span><\/h6>\n<h6 dir=\"auto\"><span style=\"color: #339966;\">Els infants participants de la nostra escola han estat ben tutelats pels seus padrins i padrines de l&#8217;Institut Montserrat Roig que ho han fet genial.<\/span><\/h6>\n<h6 dir=\"auto\"><span style=\"color: #339966;\">L&#8217; objectiu d&#8217;aquest programa, dissenyat per la Fundaci\u00f3 Bofill, \u00e9s incrementar l&#8217;\u00e8xit educatiu a trav\u00e9s de la millora de la comprensi\u00f3 lectora dels infants.<\/span><\/h6>\n<h6 dir=\"auto\"><span style=\"color: #339966;\">Nosaltres, per\u00f2, que fa molts anys que ho portem a la pr\u00e0ctica a l&#8217;escola, posem en valor un altre aspecte s\u00faper important que va m\u00e9s enll\u00e0, ens referim al vincle que neix entre les parelles lectores. Una emoci\u00f3 que nodreix l&#8217;aprenentatge de la lectura.<\/span><\/h6>\n<h6 dir=\"auto\"><span style=\"color: #339966;\">Aqu\u00ed us deixem l&#8217;endevinalla que vam presentar a l&#8217;acte de cloenda d&#8217;aquest curs&#8230;endevineu que \u00e9s ?<\/span><\/h6>\n<h6 dir=\"auto\"><span style=\"color: #339966;\">Fins el proper curs ! !<\/span><img decoding=\"async\" class=\"an1\" draggable=\"false\" src=\"https:\/\/fonts.gstatic.com\/s\/e\/notoemoji\/15.0\/1f917\/32.png\" alt=\"\ud83e\udd17\" data-emoji=\"\ud83e\udd17\" aria-label=\"\ud83e\udd17\" \/><img decoding=\"async\" class=\"an1\" draggable=\"false\" src=\"https:\/\/fonts.gstatic.com\/s\/e\/notoemoji\/15.0\/1f4da\/32.png\" alt=\"\ud83d\udcda\" data-emoji=\"\ud83d\udcda\" aria-label=\"\ud83d\udcda\" \/><\/h6>\n<p>&nbsp;<\/p>\n","protected":false},"excerpt":{"rendered":"<p><a href=\"https:\/\/drive.google.com\/file\/d\/1_7zg-0bQbO8h4rKcFZokZjo4ibiRPzl6\/view?usp=sharing\"><\/a><br \/>\nFinalitzant el curs, ens venen grans somriures quan recordem els moments tan divertits i emotius que hem gaudit amb les parelles lectores del programa LECXIT.<br \/>\nEls infants participants de la nostra escola han estat ben tutelats pels seus padrins i padrines de l&#8217;Institut Montserrat Roig&hellip;  <a href=\"https:\/\/agora.xtec.cat\/ceip-falba\/portada\/cloenda-lecxit\/\" title=\"Read Cloenda LECXIT\">Llegeix m\u00e9s\u00bb<\/a><\/p>\n","protected":false},"author":1,"featured_media":12408,"comment_status":"closed","ping_status":"closed","sticky":false,"template":"","format":"standard","meta":{"_bbp_topic_count":0,"_bbp_reply_count":0,"_bbp_total_topic_count":0,"_bbp_total_reply_count":0,"_bbp_voice_count":0,"_bbp_anonymous_reply_count":0,"_bbp_topic_count_hidden":0,"_bbp_reply_count_hidden":0,"_bbp_forum_subforum_count":0,"footnotes":""},"categories":[211,466,442,490,251,360,411,4,25],"tags":[],"class_list":["post-12406","post","type-post","status-publish","format-standard","has-post-thumbnail","hentry","category-4t","category-biblioteca","category-comunitat-mitjana","category-curs-2023-24","category-lecxit","category-llegim","category-participacio-alumnat","category-portada","category-projectesescola"],"post_mailing_queue_ids":[],"_links":{"self":[{"href":"https:\/\/agora.xtec.cat\/ceip-falba\/wp-json\/wp\/v2\/posts\/12406","targetHints":{"allow":["GET"]}}],"collection":[{"href":"https:\/\/agora.xtec.cat\/ceip-falba\/wp-json\/wp\/v2\/posts"}],"about":[{"href":"https:\/\/agora.xtec.cat\/ceip-falba\/wp-json\/wp\/v2\/types\/post"}],"author":[{"embeddable":true,"href":"https:\/\/agora.xtec.cat\/ceip-falba\/wp-json\/wp\/v2\/users\/1"}],"replies":[{"embeddable":true,"href":"https:\/\/agora.xtec.cat\/ceip-falba\/wp-json\/wp\/v2\/comments?post=12406"}],"version-history":[{"count":2,"href":"https:\/\/agora.xtec.cat\/ceip-falba\/wp-json\/wp\/v2\/posts\/12406\/revisions"}],"predecessor-version":[{"id":12410,"href":"https:\/\/agora.xtec.cat\/ceip-falba\/wp-json\/wp\/v2\/posts\/12406\/revisions\/12410"}],"wp:featuredmedia":[{"embeddable":true,"href":"https:\/\/agora.xtec.cat\/ceip-falba\/wp-json\/wp\/v2\/media\/12408"}],"wp:attachment":[{"href":"https:\/\/agora.xtec.cat\/ceip-falba\/wp-json\/wp\/v2\/media?parent=12406"}],"wp:term":[{"taxonomy":"category","embeddable":true,"href":"https:\/\/agora.xtec.cat\/ceip-falba\/wp-json\/wp\/v2\/categories?post=12406"},{"taxonomy":"post_tag","embeddable":true,"href":"https:\/\/agora.xtec.cat\/ceip-falba\/wp-json\/wp\/v2\/tags?post=12406"}],"curies":[{"name":"wp","href":"https:\/\/api.w.org\/{rel}","templated":true}]}}